{"id":41369,"date":"2019-06-18T06:00:00","date_gmt":"2019-06-18T10:00:00","guid":{"rendered":"https:\/\/linitiative.ca\/International\/salah-assad-honore-pour-lensemble-de-sa-carriere-a-doha\/"},"modified":"2019-06-18T06:00:00","modified_gmt":"2019-06-18T10:00:00","slug":"salah-assad-honore-pour-lensemble-de-sa-carriere-a-doha","status":"publish","type":"post","link":"https:\/\/linitiative.ca\/International\/salah-assad-honore-pour-lensemble-de-sa-carriere-a-doha\/","title":{"rendered":"Salah Assad honor\u00e9 pour l&rsquo;ensemble de sa carri\u00e8re \u00e0 Doha"},"content":{"rendered":"<p>L&rsquo;ancien international alg\u00e9rien des ann\u00e9es 1980, Salah Assad, a \u00e9t\u00e9 honor\u00e9 dimanche soir \u00e0 Doha (Qatar) pour l&rsquo;ensemble de sa carri\u00e8re en s\u00e9lection nationale, a indiqu\u00e9 la F\u00e9d\u00e9ration alg\u00e9rienne de football (FAF). Le l\u00e9gendaire n\u00b010 du RC Kouba, rest\u00e9 fameux des annales du football pour son \u00abGhorraf\u00bb, le geste \u00abflip flap\u00bb (ndlr, l\u2019elastico ou la virgule sous forme de la louche), a re\u00e7u un troph\u00e9e et quelques cadeaux symboliques aussi bien de la part de la F\u00e9d\u00e9ration alg\u00e9rienne de football (FAF), repr\u00e9sent\u00e9e par son pr\u00e9sident Kheireddine Zetchi, que par la Qatar Football Associations (QFA). Ag\u00e9 de 61 ans, Assad a disput\u00e9 entre autres les Mondiaux de 1982 en Espagne et 1986 au Mexique, aux c\u00f4t\u00e9s d&rsquo;autres stars du football alg\u00e9rien, comme Rabah Madjer, Mustapha Dahleb et Djamel Zidane. Assad a exerc\u00e9 son talent \u00e9galement en France o\u00f9 il a port\u00e9 le maillot du FC Mulhouse et du PSG aux c\u00f4t\u00e9s de l\u2019autre l\u00e9gende du football alg\u00e9rien, Mustapha Dahleb. En Alg\u00e9rie, il a d\u00e9fendu les couleurs du RC Kouba et de la JSM Ch\u00e9raga. Dimanche soir \u00e0 Doha, c&rsquo;est lui qui a donn\u00e9 le coup d&rsquo;envoi symbolique du match amical Alg\u00e9rie-Mali (3-2), sous les chauds applaudissements des joueurs des deux \u00e9quipes.\u00a0 Juste avant cela, les joueurs de la s\u00e9lection nationale \u00e9taient all\u00e9s le saluer un par un, en lui t\u00e9moignant leur reconnaissance pour les grands services qu&rsquo;il avait rendus \u00e0 l&rsquo;\u00e9quipe alg\u00e9rienne.<\/p>\n<p>Auteur:<br \/>\n<a href=\"https:\/\/www.lesoirdalgerie.com\/sports\/salah-assad-honore-pour-lensemble-de-sa-carriere-a-doha-25608\">Cliquez ici pour lire l&rsquo;article depuis sa source.<\/a><\/p>\n","protected":false},"excerpt":{"rendered":"<p>L&rsquo;ancien international alg\u00e9rien des ann\u00e9es 1980, Salah Assad, a \u00e9t\u00e9 honor\u00e9 dimanche soir \u00e0 Doha (Qatar) pour l&rsquo;ensemble de sa carri\u00e8re en s\u00e9lection nationale, a indiqu\u00e9 la F\u00e9d\u00e9ration alg\u00e9rienne de football (FAF). Le l\u00e9gendaire n\u00b010 du RC Kouba, rest\u00e9 fameux des annales du football pour son \u00abGhorraf\u00bb, le geste \u00abflip flap\u00bb (ndlr, l\u2019elastico ou la [&hellip;]<\/p>\n","protected":false},"author":1741,"featured_media":0,"comment_status":"closed","ping_status":"closed","sticky":false,"template":"","format":"standard","meta":{"fifu_image_url":"","fifu_image_alt":"","footnotes":""},"categories":[73,53],"tags":[],"class_list":["post-41369","post","type-post","status-publish","format-standard","hentry","category-actualite","category-algerie"],"_links":{"self":[{"href":"https:\/\/linitiative.ca\/International\/wp-json\/wp\/v2\/posts\/41369","targetHints":{"allow":["GET"]}}],"collection":[{"href":"https:\/\/linitiative.ca\/International\/wp-json\/wp\/v2\/posts"}],"about":[{"href":"https:\/\/linitiative.ca\/International\/wp-json\/wp\/v2\/types\/post"}],"author":[{"embeddable":true,"href":"https:\/\/linitiative.ca\/International\/wp-json\/wp\/v2\/users\/1741"}],"replies":[{"embeddable":true,"href":"https:\/\/linitiative.ca\/International\/wp-json\/wp\/v2\/comments?post=41369"}],"version-history":[{"count":0,"href":"https:\/\/linitiative.ca\/International\/wp-json\/wp\/v2\/posts\/41369\/revisions"}],"wp:attachment":[{"href":"https:\/\/linitiative.ca\/International\/wp-json\/wp\/v2\/media?parent=41369"}],"wp:term":[{"taxonomy":"category","embeddable":true,"href":"https:\/\/linitiative.ca\/International\/wp-json\/wp\/v2\/categories?post=41369"},{"taxonomy":"post_tag","embeddable":true,"href":"https:\/\/linitiative.ca\/International\/wp-json\/wp\/v2\/tags?post=41369"}],"curies":[{"name":"wp","href":"https:\/\/api.w.org\/{rel}","templated":true}]}}