{"id":41372,"date":"2019-06-18T06:00:00","date_gmt":"2019-06-18T10:00:00","guid":{"rendered":"https:\/\/linitiative.ca\/International\/ounas-sera-t-il-remplace\/"},"modified":"2019-06-18T06:00:00","modified_gmt":"2019-06-18T10:00:00","slug":"ounas-sera-t-il-remplace","status":"publish","type":"post","link":"https:\/\/linitiative.ca\/International\/ounas-sera-t-il-remplace\/","title":{"rendered":"Ounas sera-t-il remplac\u00e9 ?"},"content":{"rendered":"<p>La blessure d\u2019Adem Ounas est plus complexe que pr\u00e9vu. En d\u00e9licatesse avec ses adducteurs depuis quelques mois, avant d\u2019arriver au stage de l\u2019EN de Sidi-Moussa, le Napolitain avait suivi un programme sp\u00e9cifique lors des premiers avant de reprendre progressivement l\u2019entra\u00eenement collectif.\u00a0<br \/>Face au Burundi, il jouera m\u00eame une vingtaine de minutes alors que devant le Mali, il a suivi le match depuis le banc et n\u2019\u00e9tait pas op\u00e9rationnel. En effet, mercredi pass\u00e9 lors de la s\u00e9ance de d\u00e9crassage Ounas, s\u2019est foul\u00e9 la cheville et a d\u00fb quitter ses camarades les dents serr\u00e9es et port\u00e9 par les soigneurs de la s\u00e9lection. Une premi\u00e8re fois, il \u00e9tait question qu\u2019il reprenne le travail vendredi. Il n\u2019en fut rien puisque l\u2019imagerie effectu\u00e9e a r\u00e9v\u00e9l\u00e9 une entorse de la cheville. Une blessure assez grave pour un joueur qui relevait d\u2019une autre blessure aux adducteurs qui n\u00e9cessitera un minimum d\u2019une semaine de repos en sus d\u2019une r\u00e9\u00e9ducation \u00e0 base d\u2019inflammatoires et de s\u00e9ances de baln\u00e9oth\u00e9rapie. Hier, \u00e0 quelques heures du d\u00e9placement au Caire, la question \u00e9tait de savoir si le milieu droit de Naples peut \u00eatre r\u00e9tabli avant le match du Kenya, comme souhait\u00e9 par Belmadi.\u00a0<br \/>Et il semble bien que cela ne soit pas possible. Et que son remplacement devient imp\u00e9ratif ? Belmadi qui a d\u00e9j\u00e0 d\u00fb op\u00e9rer un premier changement au milieu de terrain suite \u00e0 l\u2019\u00e9cart disciplinaire de Belkebla se permettra-t-il un joker qui pourrait s\u2019appeler le milieu r\u00e9cup\u00e9rateur Mohamed Benkhemassa sinon l\u2019attaquant Zakaria Na\u00efdji, seuls \u00e9l\u00e9ments dont les noms ont \u00e9t\u00e9 cit\u00e9s comme figurant dans la liste des \u00ab40\u00bb pr\u00e9alablement envoy\u00e9e \u00e0 la CAF ?<br \/>M. B.<\/p>\n<p>Auteur:<br \/>\n<a href=\"https:\/\/www.lesoirdalgerie.com\/sports\/ounas-sera-t-il-remplace-25605\">Cliquez ici pour lire l&rsquo;article depuis sa source.<\/a><\/p>\n","protected":false},"excerpt":{"rendered":"<p>La blessure d\u2019Adem Ounas est plus complexe que pr\u00e9vu. En d\u00e9licatesse avec ses adducteurs depuis quelques mois, avant d\u2019arriver au stage de l\u2019EN de Sidi-Moussa, le Napolitain avait suivi un programme sp\u00e9cifique lors des premiers avant de reprendre progressivement l\u2019entra\u00eenement collectif.\u00a0Face au Burundi, il jouera m\u00eame une vingtaine de minutes alors que devant le Mali, [&hellip;]<\/p>\n","protected":false},"author":1741,"featured_media":0,"comment_status":"closed","ping_status":"closed","sticky":false,"template":"","format":"standard","meta":{"fifu_image_url":"","fifu_image_alt":"","footnotes":""},"categories":[73,53],"tags":[],"class_list":["post-41372","post","type-post","status-publish","format-standard","hentry","category-actualite","category-algerie"],"_links":{"self":[{"href":"https:\/\/linitiative.ca\/International\/wp-json\/wp\/v2\/posts\/41372","targetHints":{"allow":["GET"]}}],"collection":[{"href":"https:\/\/linitiative.ca\/International\/wp-json\/wp\/v2\/posts"}],"about":[{"href":"https:\/\/linitiative.ca\/International\/wp-json\/wp\/v2\/types\/post"}],"author":[{"embeddable":true,"href":"https:\/\/linitiative.ca\/International\/wp-json\/wp\/v2\/users\/1741"}],"replies":[{"embeddable":true,"href":"https:\/\/linitiative.ca\/International\/wp-json\/wp\/v2\/comments?post=41372"}],"version-history":[{"count":0,"href":"https:\/\/linitiative.ca\/International\/wp-json\/wp\/v2\/posts\/41372\/revisions"}],"wp:attachment":[{"href":"https:\/\/linitiative.ca\/International\/wp-json\/wp\/v2\/media?parent=41372"}],"wp:term":[{"taxonomy":"category","embeddable":true,"href":"https:\/\/linitiative.ca\/International\/wp-json\/wp\/v2\/categories?post=41372"},{"taxonomy":"post_tag","embeddable":true,"href":"https:\/\/linitiative.ca\/International\/wp-json\/wp\/v2\/tags?post=41372"}],"curies":[{"name":"wp","href":"https:\/\/api.w.org\/{rel}","templated":true}]}}