{"id":41373,"date":"2019-06-18T06:00:00","date_gmt":"2019-06-18T10:00:00","guid":{"rendered":"https:\/\/linitiative.ca\/International\/il-fallait-monter-en-puissance\/"},"modified":"2019-06-18T06:00:00","modified_gmt":"2019-06-18T10:00:00","slug":"il-fallait-monter-en-puissance","status":"publish","type":"post","link":"https:\/\/linitiative.ca\/International\/il-fallait-monter-en-puissance\/","title":{"rendered":"\u00abIl fallait monter en puissance\u00bb"},"content":{"rendered":"<p>L&rsquo;ailier international alg\u00e9rien Riyad Mahrez, promu capitaine des Verts \u00e0 la Coupe d&rsquo;Afrique des nations CAN-2019 en Egypte (21 juin &#8211; 19 juillet), a relev\u00e9 la bonne r\u00e9action des siens, vainqueurs dimanche soir \u00e0 Doha en amical face au Mali (3-2), pour leur dernier test de pr\u00e9paration en vue du tournoi continental. \u00abOui, on est pr\u00eats. Comme je l\u2019ai dit, il fallait qu\u2019on monte en puissance, d\u00e9sormais on l\u2019a fait. On a jou\u00e9 contre une tr\u00e8s bonne \u00e9quipe du Mali compos\u00e9e d\u2019excellents joueurs. Il faut savoir qu\u2019en Afrique, on ne va jamais dominer un match de bout en bout. Ce soir, on a su accomplir notre travail en faisant le dos rond, attaquer, contrer, garder la balle et on a \u00e9t\u00e9 r\u00e9compens\u00e9s par le r\u00e9sultat\u00bb, a indiqu\u00e9 le joueur de Manchester City (Angleterre) dans un entretien accord\u00e9 au site sp\u00e9cialis\u00e9 Dz Foot. \u00abOn se sent mieux sur le plan physique. On monte petit \u00e0 petit en puissance. Apr\u00e8s dans l\u2019organisation de la pr\u00e9paration, le coach a insist\u00e9 pour que l\u2019on vienne ici (Doha, ndlr) sachant les conditions quasi-similaires \u00e0 celles qu\u2019on aura au Caire. Pour nous, c\u2019\u00e9tait important de s\u2019adapter \u00e0 ces conditions, et au bout de huit jours de stage ici, je pense qu\u2019on a r\u00e9ussi \u00e0 s\u2019acclimater. De plus, on arrivera au Caire avec encore une semaine d\u2019entra\u00eenement sur place. A partir de l\u00e0, on n\u2019aura pas d\u2019excuses contre le Kenya\u00bb, a ajout\u00e9 Mahrez, incorpor\u00e9 en deuxi\u00e8me mi-temps \u00e0 la place de Mehdi Abeid (61e).\u00a0<\/p>\n<p>Auteur:<br \/>\n<a href=\"https:\/\/www.lesoirdalgerie.com\/sports\/il-fallait-monter-en-puissance-25604\">Cliquez ici pour lire l&rsquo;article depuis sa source.<\/a><\/p>\n","protected":false},"excerpt":{"rendered":"<p>L&rsquo;ailier international alg\u00e9rien Riyad Mahrez, promu capitaine des Verts \u00e0 la Coupe d&rsquo;Afrique des nations CAN-2019 en Egypte (21 juin &#8211; 19 juillet), a relev\u00e9 la bonne r\u00e9action des siens, vainqueurs dimanche soir \u00e0 Doha en amical face au Mali (3-2), pour leur dernier test de pr\u00e9paration en vue du tournoi continental. \u00abOui, on est [&hellip;]<\/p>\n","protected":false},"author":1741,"featured_media":0,"comment_status":"closed","ping_status":"closed","sticky":false,"template":"","format":"standard","meta":{"fifu_image_url":"","fifu_image_alt":"","footnotes":""},"categories":[73,53],"tags":[],"class_list":["post-41373","post","type-post","status-publish","format-standard","hentry","category-actualite","category-algerie"],"_links":{"self":[{"href":"https:\/\/linitiative.ca\/International\/wp-json\/wp\/v2\/posts\/41373","targetHints":{"allow":["GET"]}}],"collection":[{"href":"https:\/\/linitiative.ca\/International\/wp-json\/wp\/v2\/posts"}],"about":[{"href":"https:\/\/linitiative.ca\/International\/wp-json\/wp\/v2\/types\/post"}],"author":[{"embeddable":true,"href":"https:\/\/linitiative.ca\/International\/wp-json\/wp\/v2\/users\/1741"}],"replies":[{"embeddable":true,"href":"https:\/\/linitiative.ca\/International\/wp-json\/wp\/v2\/comments?post=41373"}],"version-history":[{"count":0,"href":"https:\/\/linitiative.ca\/International\/wp-json\/wp\/v2\/posts\/41373\/revisions"}],"wp:attachment":[{"href":"https:\/\/linitiative.ca\/International\/wp-json\/wp\/v2\/media?parent=41373"}],"wp:term":[{"taxonomy":"category","embeddable":true,"href":"https:\/\/linitiative.ca\/International\/wp-json\/wp\/v2\/categories?post=41373"},{"taxonomy":"post_tag","embeddable":true,"href":"https:\/\/linitiative.ca\/International\/wp-json\/wp\/v2\/tags?post=41373"}],"curies":[{"name":"wp","href":"https:\/\/api.w.org\/{rel}","templated":true}]}}