{"id":41376,"date":"2019-06-18T06:00:00","date_gmt":"2019-06-18T10:00:00","guid":{"rendered":"https:\/\/linitiative.ca\/International\/nous-avons-encore-des-choses-a-rectifier\/"},"modified":"2019-06-18T06:00:00","modified_gmt":"2019-06-18T10:00:00","slug":"nous-avons-encore-des-choses-a-rectifier","status":"publish","type":"post","link":"https:\/\/linitiative.ca\/International\/nous-avons-encore-des-choses-a-rectifier\/","title":{"rendered":"\u00abNous avons encore des choses \u00e0 rectifier\u00bb"},"content":{"rendered":"<p>Le s\u00e9lectionneur de l&rsquo;\u00e9quipe d&rsquo;Alg\u00e9rie de football Djamel Belmadi a estim\u00e9 qu&rsquo;il y avait \u00abencore des choses \u00e0 rectifier\u00bb pour permettre aux Verts d&rsquo;\u00eatre au top, \u00e0 six jours de leur entr\u00e9e en lice \u00e0 la CAN-2019, le 23 juin face au Kenya.\u00a0<br \/>\u00abDire que nous sommes pr\u00eats avec certitude ne serait pas honn\u00eate de ma part. Je pense qu\u2019on a des choses \u00e0 rectifier mais quand on regarde tout ce qui se passe autour de nous, avec la seconde d\u00e9faite du Maroc aujourd\u2019hui, celle de la C\u00f4te d\u2019Ivoire face \u00e0 de suppos\u00e9es petites \u00e9quipes, on remarque qu&rsquo;il y\u2019a beaucoup de difficult\u00e9s \u00e0 les battre\u00bb, a affirm\u00e9 le coach national au site sp\u00e9cialis\u00e9 Dz Foot.\u00a0<br \/>Le s\u00e9lectionneur national s&rsquo;exprimait au terme de la victoire d\u00e9croch\u00e9e dimanche soir \u00e0 Doha \u00e0 huis clos face au Mali (3-2), \u00e0 l&rsquo;occasion du deuxi\u00e8me et dernier test amical pr\u00e9paratoire, apr\u00e8s celui disput\u00e9 mardi dernier face au Burundi (1-1). \u00abAujourd\u2019hui, toutes ces \u00e9quipes majeures souffrent, \u00e0 l\u2019exception du S\u00e9n\u00e9gal qui a gagn\u00e9 1-0 face au Nigeria, dans des oppositions face \u00e0 ces soi-disant petites \u00e9quipes.\u00a0<br \/>Le principal enseignement c\u2019est qu\u2019il n\u2019existe plus sur le continent de petites \u00e9quipes et \u00e7a je pense que tout le monde l\u2019a compris\u00bb, a-t-il ajout\u00e9. Cette rencontre face aux \u00abAigles\u00bb maliens a \u00e9t\u00e9 une occasion pour le nouvel attaquant Andy Delort (27 ans) de signer son premier but pour sa premi\u00e8re apparition sous le maillot national. \u00abIl nous faudra analyser ce match afin de voir ce qui a \u00e9t\u00e9 bien r\u00e9alis\u00e9 et sur quoi on peut tirer des satisfactions. Et, on ira rectifier les choses qu\u2019on a moins bien r\u00e9alis\u00e9es. D\u00e9j\u00e0 on a rectifi\u00e9 le tir par rapport au match du Burundi, notamment dans la r\u00e9action \u00e0 la perte du ballon en y mettant de la bonne agressivit\u00e9. Ce point tr\u00e8s important nous permettra de faire la diff\u00e9rence\u00bb, a-t-il insist\u00e9.<\/p>\n<p>Auteur:<br \/>\n<a href=\"https:\/\/www.lesoirdalgerie.com\/sports\/nous-avons-encore-des-choses-a-rectifier-25601\">Cliquez ici pour lire l&rsquo;article depuis sa source.<\/a><\/p>\n","protected":false},"excerpt":{"rendered":"<p>Le s\u00e9lectionneur de l&rsquo;\u00e9quipe d&rsquo;Alg\u00e9rie de football Djamel Belmadi a estim\u00e9 qu&rsquo;il y avait \u00abencore des choses \u00e0 rectifier\u00bb pour permettre aux Verts d&rsquo;\u00eatre au top, \u00e0 six jours de leur entr\u00e9e en lice \u00e0 la CAN-2019, le 23 juin face au Kenya.\u00a0\u00abDire que nous sommes pr\u00eats avec certitude ne serait pas honn\u00eate de ma [&hellip;]<\/p>\n","protected":false},"author":1741,"featured_media":0,"comment_status":"closed","ping_status":"closed","sticky":false,"template":"","format":"standard","meta":{"fifu_image_url":"","fifu_image_alt":"","footnotes":""},"categories":[73,53],"tags":[],"class_list":["post-41376","post","type-post","status-publish","format-standard","hentry","category-actualite","category-algerie"],"_links":{"self":[{"href":"https:\/\/linitiative.ca\/International\/wp-json\/wp\/v2\/posts\/41376","targetHints":{"allow":["GET"]}}],"collection":[{"href":"https:\/\/linitiative.ca\/International\/wp-json\/wp\/v2\/posts"}],"about":[{"href":"https:\/\/linitiative.ca\/International\/wp-json\/wp\/v2\/types\/post"}],"author":[{"embeddable":true,"href":"https:\/\/linitiative.ca\/International\/wp-json\/wp\/v2\/users\/1741"}],"replies":[{"embeddable":true,"href":"https:\/\/linitiative.ca\/International\/wp-json\/wp\/v2\/comments?post=41376"}],"version-history":[{"count":0,"href":"https:\/\/linitiative.ca\/International\/wp-json\/wp\/v2\/posts\/41376\/revisions"}],"wp:attachment":[{"href":"https:\/\/linitiative.ca\/International\/wp-json\/wp\/v2\/media?parent=41376"}],"wp:term":[{"taxonomy":"category","embeddable":true,"href":"https:\/\/linitiative.ca\/International\/wp-json\/wp\/v2\/categories?post=41376"},{"taxonomy":"post_tag","embeddable":true,"href":"https:\/\/linitiative.ca\/International\/wp-json\/wp\/v2\/tags?post=41376"}],"curies":[{"name":"wp","href":"https:\/\/api.w.org\/{rel}","templated":true}]}}