{"id":41377,"date":"2019-06-18T06:00:00","date_gmt":"2019-06-18T10:00:00","guid":{"rendered":"https:\/\/linitiative.ca\/International\/les-choix-sont-faits-place-a-la-competition\/"},"modified":"2019-06-18T06:00:00","modified_gmt":"2019-06-18T10:00:00","slug":"les-choix-sont-faits-place-a-la-competition","status":"publish","type":"post","link":"https:\/\/linitiative.ca\/International\/les-choix-sont-faits-place-a-la-competition\/","title":{"rendered":"Les choix sont faits, place \u00e0 la comp\u00e9tition !"},"content":{"rendered":"<p>Le stage de Doha, entam\u00e9 le samedi 8 juin dernier, a pris fin hier au lendemain du match amical face au Mali. Les hommes de Belmadi ont pass\u00e9, hier,\u00a0 leur premi\u00e8re nuit sous le ciel \u00e9gyptien o\u00f9 ils prendront part \u00e0 la phase finale de la CAN-2019 (21 juin au 19 juillet).<br \/>Fin heureuse pour le regroupement du Qatar. Un rassemblement qui a connu quelques \u00abtroubles\u00bb mais qui aura \u00e9t\u00e9 une r\u00e9ussite, \u00e0 en croire les principaux acteurs. La victoire face aux Aigles du Mali, dimanche soir, serait-elle derri\u00e8re cette note d\u2019optimisme qui s\u2019est d\u00e9gag\u00e9e chez joueurs, entra\u00eeneurs et membres de la d\u00e9l\u00e9gation alg\u00e9rienne pr\u00e9sents au Qatar ? A v\u00e9rifier. M\u00eame si le mot d\u2019ordre aujourd\u2019hui, \u00e0 l\u2019heure du d\u00e9barquement de l\u2019EN sur le sol \u00e9gyptien, demeure le maintien de cette dynamique en vue du premier match, dimanche prochain, face au Kenya mais surtout le long du tournoi africain d\u2019Egypte-2019. Le moral au beau fixe apr\u00e8s ce succ\u00e8s face au Mali, dans le test qui n\u2019avait d\u2019amical que le nom tant les protagonistes se sont donn\u00e9 \u00e0 une partie \u00e0 la limite du muscl\u00e9, les camarades de Bela\u00efli vont devoir mettre \u00e0 l\u2019\u00e9preuve tout ce qu\u2019ils avaient travaill\u00e9 \u00e0 Sidi-Moussa puis \u00e0 Doha sur les terrains \u00e9gyptiens. D\u00e9sormais, les effets du climat (chaleur et humidit\u00e9) ne devraient pas constituer des obstacles insurmontables pour des \u00e9l\u00e9ments ayant pass\u00e9 dix jours dans des conditions autrement plus \u00ab\u00e9pic\u00e9es\u00bb que celles qu\u2019ils vont trouver au Caire et dans d\u2019autres villes \u00e9gyptiennes. Au pire, la m\u00e9t\u00e9o annonce des temp\u00e9ratures oscillant entre 39\u00b0 (vendredi, jour d\u2019ouverture de la CAN) et 36\u00b0 (dimanche lors du match Alg\u00e9rie-Kenya). Ce qui est un temps autrement plus doux comparativement \u00e0 Doha o\u00f9, \u00e0 l\u2019heure des entra\u00eenements, les journ\u00e9es suaient sous 40\u00b0-45\u00b0.<br \/>C\u2019est un volet important dans l\u2019adaptation des joueurs \u00e0 ce qui les attend r\u00e9ellement en Egypte. L\u2019autre aspect qui permet d\u2019afficher un certain optimisme a trait au travail technico-tactique effectu\u00e9 par le staff et les joueurs aussi bien en Alg\u00e9rie qu\u2019au Qatar. Sur les deux rencontres amicales livr\u00e9es en l\u2019absence des cam\u00e9ras, la deuxi\u00e8me face au Mali s\u2019\u00e9tant d\u00e9roul\u00e9 \u00e0 huis clos, le s\u00e9lectionneur national semble avoir fait une grande partie de ses choix quant \u00e0 la composante qui d\u00e9butera face au Kenya et celle qui affrontera le S\u00e9n\u00e9gal quatre jours plus tard. Des certitudes se d\u00e9gagent sur le plan d\u00e9fensif avec la confiance renouvel\u00e9e \u00e0 M\u2019Bolhi, Atal, Belamri et Mandi et un petit doute concernant le duel Far\u00e8s-Benseba\u00efni sur le flanc gauche. Un \u00abcombat\u00bb qui peut consacrer le jeune Rennais qui avait d\u00e9but\u00e9 face au Burundi pour c\u00e9der sa place au lat\u00e9ral de SPAL \u00e0 la 68\u2019 a \u00e9t\u00e9 incorpor\u00e9 \u00e0 un quart d\u2019heure de la fin du match gagn\u00e9 contre le Mali. Durant les deux pr\u00e9sences de Benseba\u00efni sur le terrain, l\u2019EN n\u2019a pas encaiss\u00e9 de buts mais a surtout r\u00e9ussi \u00e0 en inscrire un but par Delort sur un ballon parti du flanc gauche. Autant dire que l\u2019ancien Paciste tient le bon bout pour d\u00e9buter aussi bien face au Kenya que contre le S\u00e9n\u00e9gal.<\/p>\n<p><strong>Un milieu reconfigur\u00e9, une attaque plus efficace !<\/strong><br \/>Si Belmadi a tranch\u00e9 \u00e0 90% ses choix d\u00e9fensifs, des doutes persistent quant aux \u00e9l\u00e9ments qui composeront la ligne m\u00e9diane, dans l\u2019animation et la r\u00e9cup\u00e9ration s\u2019entend. Il semble bien que le chantier de composer le milieu de terrain fut le plus d\u00e9licat pour le staff technique. En ce sens que sur deux matchs Belmadi a utilis\u00e9 plusieurs variantes en s\u2019appuyant sur sept joueurs (Feghouli, Guedioura, Mahrez, Brahimi, Abeid, Bennacer et Boudaoui), le huiti\u00e8me m\u00e9dian retenu pour cette CAN-2019, Haris Belkebla ayant \u00e9t\u00e9 exclu et remplac\u00e9 par un attaquant (Delort) sans faire ses preuves. Parmi ce lot, deux joueurs semblent faire l\u2019unanimit\u00e9. Il s\u2019agit de Feghouli et Bela\u00efli qui, \u00e0 l\u2019origine, sont des attaquants (droit et gauche) reconvertis aussi bien en club qu\u2019en s\u00e9lection (depuis l\u2019arriv\u00e9e de Belmadi, du moins) en animateurs. Le soci\u00e9taire de Galatasaray est le seul cap\u00e9 retenu comme midfielder \u00e0 disputer l\u2019int\u00e9gralit\u00e9 des deux matches amicaux. Sauf impr\u00e9vu de derni\u00e8re minute, l\u2019ex-milieu droit de Valence sera l\u2019homme de base du milieu alg\u00e9rien. A ses c\u00f4t\u00e9s, et dans l\u2019animation offensive, Youcef Bela\u00efli a pris de l\u2019avance sur ses concurrents et peut all\u00e8grement postuler \u00e0 une place de titulaire. L\u2019enfant d\u2019El-Bahia a d\u00e9livr\u00e9 deux passes d\u00e9cisives et a inscrit un but lors des matchs tests \u00e0 Doha. Son entente avec Bounedjah lui offre la possibilit\u00e9 de conduire les men\u00e9es offensives des Verts pendant la CAN. Aux c\u00f4t\u00e9s de qui ? C\u2019est la grande question pos\u00e9e par les observateurs qui, sur la base de feuilles de matchs fournies par le site de la FAF, h\u00e9sitent entre Brahimi et Mahrez. C\u2019est vrai que Brahimi a d\u00e9but\u00e9 face au Burundi puis contre le Mali, match durant lequel le capitaine de l\u2019\u00e9quipe Mahrez a fait son entr\u00e9e \u00e0 l\u2019heure de jeu, mais il semble bien que les chances du meneur de Porto sont minimes d\u2019entamer le match contre le Kenya, dimanche soir. Le couloir gauche de l\u2019attaque peut fort bien \u00eatre occup\u00e9 par Bela\u00efli, Far\u00e8s ou bien Mahrez. Cela d\u00e9pendra de la strat\u00e9gie choisie par Belmadi et de la posture tactique de l\u2019adversaire. Les Kenyans savent bien jouer dans un bloc bas, c\u2019est pourquoi le seul moyen de les d\u00e9stabiliser est de compter sur un joueur qui provoque en profondeur. Brahimi \u00e9tant plus un meneur de jeu qui pr\u00e9f\u00e8re la lat\u00e9ralit\u00e9, on voit mal comment il pourrait s\u2019incruster dans une arri\u00e8re-garde ultra-verrouill\u00e9e.\u00a0<br \/>Pour la r\u00e9cup\u00e9ration, il est fort probable que Belmadi choisisse Guedioura comme sentinelle et Bennacer (ou Abeid) comme premier relanceur. Le vieux mais athl\u00e9tique m\u00e9dian de Nottingham Forest a pour lui l\u2019exp\u00e9rience et la robustesse pour lutter face aux colosses Harambees. La pointe de l\u2019attaque, enfin, ne devrait pas \u00e9chapper \u00e0 Baghdad Bounedjah qui a su tirer son \u00e9pingle de jeu lors des deux rencontres amicales (2 buts). L\u2019attaquant d\u2019Al-Sadd qui a marqu\u00e9 \u00e0 l\u2019occasion des cinq derni\u00e8res confrontations de la s\u00e9lection a de la marge par rapport \u00e0 Delort, qui a sign\u00e9 son premier but chez les Verts \u00e0 l\u2019occasion de sa premi\u00e8re s\u00e9lection officielle, et surtout Slimani qui a jou\u00e9 un quart d\u2019heure face au Burundi avant de rester sur le banc le long de la rencontre contre les Aigles du Mali.<br \/>M. B.<\/p>\n<p>Auteur:<br \/>\n<a href=\"https:\/\/www.lesoirdalgerie.com\/sports\/les-choix-sont-faits-place-a-la-competition-25600\">Cliquez ici pour lire l&rsquo;article depuis sa source.<\/a><\/p>\n","protected":false},"excerpt":{"rendered":"<p>Le stage de Doha, entam\u00e9 le samedi 8 juin dernier, a pris fin hier au lendemain du match amical face au Mali. Les hommes de Belmadi ont pass\u00e9, hier,\u00a0 leur premi\u00e8re nuit sous le ciel \u00e9gyptien o\u00f9 ils prendront part \u00e0 la phase finale de la CAN-2019 (21 juin au 19 juillet).Fin heureuse pour le [&hellip;]<\/p>\n","protected":false},"author":1741,"featured_media":0,"comment_status":"closed","ping_status":"closed","sticky":false,"template":"","format":"standard","meta":{"fifu_image_url":"","fifu_image_alt":"","footnotes":""},"categories":[73,53],"tags":[],"class_list":["post-41377","post","type-post","status-publish","format-standard","hentry","category-actualite","category-algerie"],"_links":{"self":[{"href":"https:\/\/linitiative.ca\/International\/wp-json\/wp\/v2\/posts\/41377","targetHints":{"allow":["GET"]}}],"collection":[{"href":"https:\/\/linitiative.ca\/International\/wp-json\/wp\/v2\/posts"}],"about":[{"href":"https:\/\/linitiative.ca\/International\/wp-json\/wp\/v2\/types\/post"}],"author":[{"embeddable":true,"href":"https:\/\/linitiative.ca\/International\/wp-json\/wp\/v2\/users\/1741"}],"replies":[{"embeddable":true,"href":"https:\/\/linitiative.ca\/International\/wp-json\/wp\/v2\/comments?post=41377"}],"version-history":[{"count":0,"href":"https:\/\/linitiative.ca\/International\/wp-json\/wp\/v2\/posts\/41377\/revisions"}],"wp:attachment":[{"href":"https:\/\/linitiative.ca\/International\/wp-json\/wp\/v2\/media?parent=41377"}],"wp:term":[{"taxonomy":"category","embeddable":true,"href":"https:\/\/linitiative.ca\/International\/wp-json\/wp\/v2\/categories?post=41377"},{"taxonomy":"post_tag","embeddable":true,"href":"https:\/\/linitiative.ca\/International\/wp-json\/wp\/v2\/tags?post=41377"}],"curies":[{"name":"wp","href":"https:\/\/api.w.org\/{rel}","templated":true}]}}