{"id":41383,"date":"2019-06-18T10:51:17","date_gmt":"2019-06-18T14:51:17","guid":{"rendered":"https:\/\/linitiative.ca\/International\/il-fait-lactu-rachid-aouzal-nouveau-dg-de-national-aviation-services-maroc\/"},"modified":"2019-06-18T10:51:17","modified_gmt":"2019-06-18T14:51:17","slug":"il-fait-lactu-rachid-aouzal-nouveau-dg-de-national-aviation-services-maroc","status":"publish","type":"post","link":"https:\/\/linitiative.ca\/International\/il-fait-lactu-rachid-aouzal-nouveau-dg-de-national-aviation-services-maroc\/","title":{"rendered":"Il fait l\u2019actu : Rachid Aouzal, nouveau DG de National Aviation Services Maroc"},"content":{"rendered":"<p><strong>Le fournisseur de services a\u00e9riens et pionnier sur les march\u00e9s \u00e9mergents, National Aviation Service (NAS), a annonc\u00e9 la nomination de Rachid Aouzal \u00e0 la direction g\u00e9n\u00e9rale de sa filiale marocaine.\u00a0<\/strong><\/p>\n<div class=\"c10\"\/>\n<p>\u00ab\u00a0De formation h\u00f4teli\u00e8re, Rachid Aouzal a \u00e0 son actif plus de 18 ans d\u2019exp\u00e9rience dans le domaine de l\u2019h\u00f4tellerie et de la restauration, dont 14 ans au Moyen-Orient. Avant de rejoindre NAS, il a \u00e9t\u00e9 directeur des op\u00e9rations de Qatar Airways bas\u00e9 \u00e0 Doha, puis DG des h\u00f4tels de la compagnie a\u00e9rienne au sein de l\u2019a\u00e9roport Hamad de 2013 \u00e0 2018\u00a0\u00bb, indique un communiqu\u00e9 de NAS Maroc. Dans le cadre de ses nouvelles fonctions, Rachid Aouzal aura comme mission de renforcer la pr\u00e9sence de NAS au Maroc en d\u00e9veloppant le portefeuille clients et la panoplie de produits propos\u00e9s. Il devra mettre son expertise op\u00e9rationnelle au profit de l\u2019am\u00e9lioration des process de fonctionnement pour une meilleure efficacit\u00e9.<\/p>\n<p>Le nouveau DG de NAS Maroc succ\u00e8de \u00e0 Agn\u00e8s Laurent, qui a dirig\u00e9 la filiale entre juin 2017 et juin 2019, pendant laquelle il a pu mettre en place la structure Maroc et assurer l\u2019ouverture ou la r\u00e9novation de 15 salons CIP dans 9 a\u00e9roports du Royaume.<\/p>\n<p>Fournisseur de services a\u00e9riens ayant connu la plus forte croissance sur les march\u00e9s \u00e9mergents, NAS a d\u00e9but\u00e9 ses op\u00e9rations au Kowe\u00eft en 2003 et est tr\u00e8s vite devenue leader de la prestation de services a\u00e9riens gr\u00e2ce \u00e0 sa pr\u00e9sence au Moyen-Orient, en Afrique et en Asie du sud.<\/p>\n<p>Nas est le prestataire exclusif des services de fast-track et salons d\u2019a\u00e9roports au Maroc. L\u2019entreprise avait remport\u00e9 en 2016 l\u2019appel d\u2019offres lanc\u00e9 par l\u00b4Office National des A\u00e9roports (ONDA), pour le r\u00e9am\u00e9nagement et la gestion de 16 salons CIP au Maroc pour une dur\u00e9e de 10 ans.<\/p>\n<div class=\"c17\">\n<fieldset class=\"c16\">\n<legend><strong><span class=\"c11\">Challenge<\/span><span class=\"c12\">news<\/span><\/strong><\/legend>\n<div class=\"c15\">Le meilleur de la r\u00e9daction s\u00e9lectionn\u00e9 par Challenge :<\/p>\n<\/div>\n<\/fieldset>\n<\/div>\n<p>Auteur: Hassan Manyani<br \/>\n<a href=\"https:\/\/www.challenge.ma\/il-fait-lactu-rachid-aouzal-nouveau-dg-de-national-aviation-services-maroc-110939\/\">Cliquez ici pour lire l&rsquo;article depuis sa source.<\/a><\/p>\n","protected":false},"excerpt":{"rendered":"<p>Le fournisseur de services a\u00e9riens et pionnier sur les march\u00e9s \u00e9mergents, National Aviation Service (NAS), a annonc\u00e9 la nomination de Rachid Aouzal \u00e0 la direction g\u00e9n\u00e9rale de sa filiale marocaine.\u00a0 \u00ab\u00a0De formation h\u00f4teli\u00e8re, Rachid Aouzal a \u00e0 son actif plus de 18 ans d\u2019exp\u00e9rience dans le domaine de l\u2019h\u00f4tellerie et de la restauration, dont 14 [&hellip;]<\/p>\n","protected":false},"author":1787,"featured_media":0,"comment_status":"closed","ping_status":"closed","sticky":false,"template":"","format":"standard","meta":{"fifu_image_url":"","fifu_image_alt":"","footnotes":""},"categories":[78,54],"tags":[],"class_list":["post-41383","post","type-post","status-publish","format-standard","hentry","category-economie","category-maroc"],"_links":{"self":[{"href":"https:\/\/linitiative.ca\/International\/wp-json\/wp\/v2\/posts\/41383","targetHints":{"allow":["GET"]}}],"collection":[{"href":"https:\/\/linitiative.ca\/International\/wp-json\/wp\/v2\/posts"}],"about":[{"href":"https:\/\/linitiative.ca\/International\/wp-json\/wp\/v2\/types\/post"}],"author":[{"embeddable":true,"href":"https:\/\/linitiative.ca\/International\/wp-json\/wp\/v2\/users\/1787"}],"replies":[{"embeddable":true,"href":"https:\/\/linitiative.ca\/International\/wp-json\/wp\/v2\/comments?post=41383"}],"version-history":[{"count":0,"href":"https:\/\/linitiative.ca\/International\/wp-json\/wp\/v2\/posts\/41383\/revisions"}],"wp:attachment":[{"href":"https:\/\/linitiative.ca\/International\/wp-json\/wp\/v2\/media?parent=41383"}],"wp:term":[{"taxonomy":"category","embeddable":true,"href":"https:\/\/linitiative.ca\/International\/wp-json\/wp\/v2\/categories?post=41383"},{"taxonomy":"post_tag","embeddable":true,"href":"https:\/\/linitiative.ca\/International\/wp-json\/wp\/v2\/tags?post=41383"}],"curies":[{"name":"wp","href":"https:\/\/api.w.org\/{rel}","templated":true}]}}