{"id":41384,"date":"2019-06-18T11:51:52","date_gmt":"2019-06-18T15:51:52","guid":{"rendered":"https:\/\/linitiative.ca\/International\/video-paris-des-mre-victimes-descroquerie-immobiliere-manifestent-au-smap-immo\/"},"modified":"2019-06-18T11:51:52","modified_gmt":"2019-06-18T15:51:52","slug":"video-paris-des-mre-victimes-descroquerie-immobiliere-manifestent-au-smap-immo","status":"publish","type":"post","link":"https:\/\/linitiative.ca\/International\/video-paris-des-mre-victimes-descroquerie-immobiliere-manifestent-au-smap-immo\/","title":{"rendered":"Vid\u00e9o. Paris : Des MRE victimes d\u2019escroquerie immobili\u00e8re manifestent au \u00ab SMAP IMMO \u00bb"},"content":{"rendered":"<p><strong>Au salon de l\u2019immobilier \u00ab SMAP IMMO \u00bb \u00e0 Paris, des Marocains r\u00e9sidant \u00e0 l\u2019\u00e9tranger ont manifest\u00e9 contre des promoteurs immobiliers qui ne leur ont pas livr\u00e9 leurs logements, bien qu\u2019ils aient d\u00e9j\u00e0 encaiss\u00e9.<\/strong><\/p>\n<div class=\"c10\"\/>\n<p>C\u2019est pour eux l\u2019unique occasion pour faire entendre leur voix dans l\u2019espoir de restituer leurs fonds apr\u00e8s avoir frapp\u00e9 \u00e0 toutes les portes, en vain, signalent-ils brandissant banderoles et photos du roi. Ces Marocains r\u00e9sidant \u00e0 l\u2019\u00e9tranger ayant investi dans le secteur immobilier n\u2019ont eu en retour que des promesses non tenues par les dirigeants de soci\u00e9t\u00e9s immobili\u00e8res, qui leurs ont fait attendre plusieurs ann\u00e9es sans aucune date de livraison exacte des projets qui sont toujours en cours de construction.<\/p>\n<p>Cependant, ce salon qui repr\u00e9sente une grande vitrine de l\u2019immobilier marocain hors du Royaume et qui a pour but de proposer aux r\u00e9sidents marocains en France et dans d\u2019autres pays d\u2019Europe, ainsi qu\u2019aux visiteurs fran\u00e7ais et europ\u00e9ens de d\u00e9couvrir les nouveaut\u00e9s sur le march\u00e9 immobilier marocain durant trois jours, re\u00e7oit cette grande surprise des MRE, en attendant la r\u00e9action\u00a0 du minist\u00e8re de l\u2019Am\u00e9nagement du territoire national, de l\u2019urbanisme, de l\u2019Habitat et de la Politique de la ville.<\/p>\n<p>Affaire \u00e0 suivre\u2026<\/p>\n<div class=\"c18\">\n<fieldset class=\"c17\">\n<legend><strong><span class=\"c12\">Challenge<\/span><span class=\"c13\">news<\/span><\/strong><\/legend>\n<div class=\"c16\">Le meilleur de la r\u00e9daction s\u00e9lectionn\u00e9 par Challenge :<\/p>\n<\/div>\n<\/fieldset>\n<\/div>\n<p>Auteur: Hajar DARI<br \/>\n<a href=\"https:\/\/www.challenge.ma\/paris-les-mre-victimes-descroquerie-immobiliere-manifestent-au-smap-immo-110905\/\">Cliquez ici pour lire l&rsquo;article depuis sa source.<\/a><\/p>\n","protected":false},"excerpt":{"rendered":"<p>Au salon de l\u2019immobilier \u00ab SMAP IMMO \u00bb \u00e0 Paris, des Marocains r\u00e9sidant \u00e0 l\u2019\u00e9tranger ont manifest\u00e9 contre des promoteurs immobiliers qui ne leur ont pas livr\u00e9 leurs logements, bien qu\u2019ils aient d\u00e9j\u00e0 encaiss\u00e9. C\u2019est pour eux l\u2019unique occasion pour faire entendre leur voix dans l\u2019espoir de restituer leurs fonds apr\u00e8s avoir frapp\u00e9 \u00e0 toutes [&hellip;]<\/p>\n","protected":false},"author":1787,"featured_media":0,"comment_status":"closed","ping_status":"closed","sticky":false,"template":"","format":"standard","meta":{"fifu_image_url":"","fifu_image_alt":"","footnotes":""},"categories":[78,54],"tags":[],"class_list":["post-41384","post","type-post","status-publish","format-standard","hentry","category-economie","category-maroc"],"_links":{"self":[{"href":"https:\/\/linitiative.ca\/International\/wp-json\/wp\/v2\/posts\/41384","targetHints":{"allow":["GET"]}}],"collection":[{"href":"https:\/\/linitiative.ca\/International\/wp-json\/wp\/v2\/posts"}],"about":[{"href":"https:\/\/linitiative.ca\/International\/wp-json\/wp\/v2\/types\/post"}],"author":[{"embeddable":true,"href":"https:\/\/linitiative.ca\/International\/wp-json\/wp\/v2\/users\/1787"}],"replies":[{"embeddable":true,"href":"https:\/\/linitiative.ca\/International\/wp-json\/wp\/v2\/comments?post=41384"}],"version-history":[{"count":0,"href":"https:\/\/linitiative.ca\/International\/wp-json\/wp\/v2\/posts\/41384\/revisions"}],"wp:attachment":[{"href":"https:\/\/linitiative.ca\/International\/wp-json\/wp\/v2\/media?parent=41384"}],"wp:term":[{"taxonomy":"category","embeddable":true,"href":"https:\/\/linitiative.ca\/International\/wp-json\/wp\/v2\/categories?post=41384"},{"taxonomy":"post_tag","embeddable":true,"href":"https:\/\/linitiative.ca\/International\/wp-json\/wp\/v2\/tags?post=41384"}],"curies":[{"name":"wp","href":"https:\/\/api.w.org\/{rel}","templated":true}]}}