{"id":41385,"date":"2019-06-18T12:31:40","date_gmt":"2019-06-18T16:31:40","guid":{"rendered":"https:\/\/linitiative.ca\/International\/catalogne-le-maroc-un-marche-dopportunites-et-porte-de-lafrique\/"},"modified":"2019-06-18T12:31:40","modified_gmt":"2019-06-18T16:31:40","slug":"catalogne-le-maroc-un-marche-dopportunites-et-porte-de-lafrique","status":"publish","type":"post","link":"https:\/\/linitiative.ca\/International\/catalogne-le-maroc-un-marche-dopportunites-et-porte-de-lafrique\/","title":{"rendered":"Catalogne : le Maroc, un march\u00e9 d\u2019opportunit\u00e9s et porte de l\u2019Afrique"},"content":{"rendered":"<p><strong>PIMEC (Petites et moyennes entreprises de Catalogne) et CGEM (Conf\u00e9d\u00e9ration g\u00e9n\u00e9rale des entrepreneurs marocains) organisent, ce mercredi 19 juin \u00e0 Barcelone, un forum dont le but est de pr\u00e9senter les opportunit\u00e9s commerciales avec le Maroc.<\/strong><\/p>\n<div class=\"c10\"\/>\n<p>Ce forum repr\u00e9sente pour l\u2019association des <strong>Petites et moyennes entreprises de Catalogne<\/strong> (PIMEC) une occasion d\u2019examiner les opportunit\u00e9s commerciales pr\u00e9sent\u00e9es par le Maroc en tant que plateforme pour d\u2019autres march\u00e9s africains, avec le t\u00e9moignage d\u2019hommes d\u2019affaires catalans de diff\u00e9rents secteurs, ainsi que d\u2019experts de la principale organisation \u00e9conomique marocaine, la <strong>CGEM<\/strong>, avec laquelle PIMEC entretient une longue collaboration strat\u00e9gique.<\/p>\n<p>Avec une croissance sup\u00e9rieure \u00e0 3%, le Maroc est l\u2019une des \u00e9conomies les plus dynamiques des pays d\u2019Afrique du Nord et du Moyen-Orient. C\u2019est \u00e9galement l\u2019un des principaux partenaires commerciaux de PIMEC, avec un commerce bilat\u00e9ral sup\u00e9rieur \u00e0 1.500 millions d\u2019euros avec la Catalogne. Dans de nombreux secteurs d\u2019activit\u00e9, le Maroc pr\u00e9sente des opportunit\u00e9s commerciales, de la construction \u00e0 l\u2019agriculture et \u00e0 l\u2019alimentation, en passant par les infrastructures, le m\u00e9tal, le tourisme et l\u2019industrie automobile.<\/p>\n<p>Le Maroc est \u00e9galement une passerelle vers toute l\u2019Afrique. Les entreprises marocaines sont devenues le principal investisseur africain en Afrique subsaharienne, avec pr\u00e8s de 7.000 millions d\u2019euros destin\u00e9s \u00e0 plusieurs pays, notamment l\u2019Afrique francophone. Le Maroc maintient des accords commerciaux privil\u00e9gi\u00e9s avec l\u2019Union europ\u00e9enne et les Etats-Unis et a r\u00e9cemment demand\u00e9 son incorporation dans la Communaut\u00e9 \u00e9conomique de l\u2019Afrique de l\u2019Ouest (CEDEAO), qui consolide le pays en tant que centre de fabrication mondial.<\/p>\n<p>Une grande nouveaut\u00e9 : ce PIMEC Forum accordera une attention particuli\u00e8re aux <strong>Marocains r\u00e9sidant en Espagne<\/strong> en tant que source de talents pour les entreprises catalanes exer\u00e7ant des activit\u00e9s au Maroc. Le r\u00f4le de la diaspora marocaine en tant que moteur de l\u2019entrepreneuriat en Catalogne et au Maroc sera \u00e9galement abord\u00e9, et un projet novateur sur ce sujet sera pr\u00e9sent\u00e9 entre PIMEC, CGEM et la Fondation Ibn Battuta.<\/p>\n<p><img loading=\"lazy\" decoding=\"async\" class=\"wp-image-110934 size-large\" src=\"https:\/\/www.challenge.ma\/wp-content\/uploads\/2019\/06\/pimec-outag2-1024x768.jpg\" alt=\"\" width=\"1024\" height=\"768\" srcset=\"https:\/\/www.challenge.ma\/wp-content\/uploads\/2019\/06\/pimec-outag2-1024x768.jpg 1024w, https:\/\/www.challenge.ma\/wp-content\/uploads\/2019\/06\/pimec-outag2-300x225.jpg 300w, https:\/\/www.challenge.ma\/wp-content\/uploads\/2019\/06\/pimec-outag2-768x576.jpg 768w, https:\/\/www.challenge.ma\/wp-content\/uploads\/2019\/06\/pimec-outag2-360x270.jpg 360w, https:\/\/www.challenge.ma\/wp-content\/uploads\/2019\/06\/pimec-outag2-750x563.jpg 750w, https:\/\/www.challenge.ma\/wp-content\/uploads\/2019\/06\/pimec-outag2.jpg 1280w\" sizes=\"auto, (max-width: 1024px) 100vw, 1024px\"\/>Alejandro Goni febrer (PIMEC) et Bouchra Outaghani (CGEM)<\/p>\n<p><strong>Voici le programme du forum PIMEC :<\/strong><\/p>\n<p>09.00 h : Ouverture des portes et caf\u00e9 de bienvenue<br \/>09h10 : Accueil institutionnel<br \/>M. Chakir El Homrani, ministre du Travail, des Affaires sociales et de la Famille de la Generalitat de Catalunya<br \/>M. Josep Gonz\u00e1lez, pr\u00e9sident de PIMEC<br \/>M. Khalid Benjelloun, vice-pr\u00e9sident de la CGEM<\/p>\n<p>09h30 Expos\u00e9 : Le Maroc, march\u00e9 d\u2019opportunit\u00e9s et porte d\u2019entr\u00e9e de l\u2019Afrique<br \/>Mme. Bouchra Outaghani, pr\u00e9sidente de la F\u00e9d\u00e9ration du commerce et des services de la CGEM<br \/>M. Saad Hamoumi, secr\u00e9taire g\u00e9n\u00e9ral de la F\u00e9d\u00e9ration du commerce et des services de la CGEM<\/p>\n<p>10 h 00 Table ronde : Exp\u00e9riences commerciales au Maroc<br \/>M. Khalid Benjelloun, vice-pr\u00e9sident de la CGEM<br \/>Mme. Juli\u00e0 Luna, pr\u00e9sident de Sadeca Automotive<br \/>M. Jordi Sol\u00eds, cogestionnaire de Carinsa Maroc<br \/>Mod\u00e9ratrice : Mme. Miriam Sabate, directrice du d\u00e9partement international de PIMEC<\/p>\n<p>11h00 Pause caf\u00e9<\/p>\n<p>11h20 Royal Air Maroc : Voyages et exp\u00e9riences en Afrique<br \/>M. Mohamed Amine El Jaouhari, directeur de Royal Air Maroc Espagne.<br \/>11h50 Table ronde : Immigration et entrepreneuriat en Catalogne et au Maroc<br \/>Mme. Iolanda Piedra, pr\u00e9sidente du comit\u00e9 femmes et entreprises de PIMEC<br \/>M. Mohammed Chaib, pr\u00e9sident de la Fondation Ibn Battuta<br \/>M. Jos\u00e9 Pablo Rodr\u00edguez-Mar\u00edn, directeur g\u00e9n\u00e9ral de Cosplan Obres i Serveis<br \/>Mod\u00e9ratrice : Mme. Itziar Ruedas, responsable des politiques migratoires de PIMEC<\/p>\n<p>12h45 Cl\u00f4ture<br \/>M. Aziz El Atiaoui, conseiller de l\u2019ambassade du Maroc en Espagne<br \/>M. Josep Gonz\u00e1lez, pr\u00e9sident de PIMEC<\/p>\n<div class=\"c17\">\n<fieldset class=\"c16\">\n<legend><strong><span class=\"c11\">Challenge<\/span><span class=\"c12\">news<\/span><\/strong><\/legend>\n<div class=\"c15\">Le meilleur de la r\u00e9daction s\u00e9lectionn\u00e9 par Challenge :<\/p>\n<\/div>\n<\/fieldset>\n<\/div>\n<p>Auteur: Hassan Manyani<br \/>\n<a href=\"https:\/\/www.challenge.ma\/catalogne-le-maroc-un-marche-dopportunites-et-porte-de-lafrique-110933\/\">Cliquez ici pour lire l&rsquo;article depuis sa source.<\/a><\/p>\n","protected":false},"excerpt":{"rendered":"<p>PIMEC (Petites et moyennes entreprises de Catalogne) et CGEM (Conf\u00e9d\u00e9ration g\u00e9n\u00e9rale des entrepreneurs marocains) organisent, ce mercredi 19 juin \u00e0 Barcelone, un forum dont le but est de pr\u00e9senter les opportunit\u00e9s commerciales avec le Maroc. Ce forum repr\u00e9sente pour l\u2019association des Petites et moyennes entreprises de Catalogne (PIMEC) une occasion d\u2019examiner les opportunit\u00e9s commerciales pr\u00e9sent\u00e9es [&hellip;]<\/p>\n","protected":false},"author":1787,"featured_media":41386,"comment_status":"closed","ping_status":"closed","sticky":false,"template":"","format":"standard","meta":{"fifu_image_url":"","fifu_image_alt":"","footnotes":""},"categories":[78,54],"tags":[],"class_list":["post-41385","post","type-post","status-publish","format-standard","has-post-thumbnail","hentry","category-economie","category-maroc"],"_links":{"self":[{"href":"https:\/\/linitiative.ca\/International\/wp-json\/wp\/v2\/posts\/41385","targetHints":{"allow":["GET"]}}],"collection":[{"href":"https:\/\/linitiative.ca\/International\/wp-json\/wp\/v2\/posts"}],"about":[{"href":"https:\/\/linitiative.ca\/International\/wp-json\/wp\/v2\/types\/post"}],"author":[{"embeddable":true,"href":"https:\/\/linitiative.ca\/International\/wp-json\/wp\/v2\/users\/1787"}],"replies":[{"embeddable":true,"href":"https:\/\/linitiative.ca\/International\/wp-json\/wp\/v2\/comments?post=41385"}],"version-history":[{"count":0,"href":"https:\/\/linitiative.ca\/International\/wp-json\/wp\/v2\/posts\/41385\/revisions"}],"wp:featuredmedia":[{"embeddable":true,"href":"https:\/\/linitiative.ca\/International\/wp-json\/"}],"wp:attachment":[{"href":"https:\/\/linitiative.ca\/International\/wp-json\/wp\/v2\/media?parent=41385"}],"wp:term":[{"taxonomy":"category","embeddable":true,"href":"https:\/\/linitiative.ca\/International\/wp-json\/wp\/v2\/categories?post=41385"},{"taxonomy":"post_tag","embeddable":true,"href":"https:\/\/linitiative.ca\/International\/wp-json\/wp\/v2\/tags?post=41385"}],"curies":[{"name":"wp","href":"https:\/\/api.w.org\/{rel}","templated":true}]}}