{"id":41389,"date":"2019-06-18T15:39:52","date_gmt":"2019-06-18T19:39:52","guid":{"rendered":"https:\/\/linitiative.ca\/International\/michel-platini-arrete-dans-laffaire-de-corruption-dans-lattribution-du-mondial-2022-au-qatar\/"},"modified":"2019-06-18T15:39:52","modified_gmt":"2019-06-18T19:39:52","slug":"michel-platini-arrete-dans-laffaire-de-corruption-dans-lattribution-du-mondial-2022-au-qatar","status":"publish","type":"post","link":"https:\/\/linitiative.ca\/International\/michel-platini-arrete-dans-laffaire-de-corruption-dans-lattribution-du-mondial-2022-au-qatar\/","title":{"rendered":"Michel Platini arr\u00eat\u00e9 dans l\u2019affaire de corruption dans l\u2019attribution du mondial 2022 au Qatar"},"content":{"rendered":"<div class=\"post-cont-in left relative\">\n<div class=\"swp_social_panel swp_horizontal_panel swp_flat_fresh swp_default_full_color swp_individual_full_color swp_other_full_color scale-100 scale-\" data-min-width=\"1100\" data-float-color=\"#ffffff\" data-float=\"none\" data-float-mobile=\"none\" data-transition=\"slide\">\n<div class=\"nc_tweetContainer swp_share_button total_shares total_sharesalt\"><span class=\"swp_count\">21 <span class=\"swp_label\">Partages<\/span><\/span><\/div>\n<\/div>\n<p>L\u2019ancien pr\u00e9sident de l\u2019UEFA et num\u00e9ro 10 de l\u2019\u00e9quipe de France, est entendu dans le cadre de l\u2019enqu\u00eate pour corruption dans l\u2019attribution de la Coupe du monde 2022 au Qatar.<br \/>Michel Platini a \u00e9t\u00e9 plac\u00e9 en garde \u00e0 vue mardi 18 juin dans les locaux de l\u2019Office anticorruption de la police judiciaire (OCLCIFF), \u00e0 Nanterre. L\u2019information a \u00e9t\u00e9 confirm\u00e9e par l\u2019AFP.<\/p>\n<div class=\"mvp-org-wrap mvp-org-logo\" itemprop=\"publisher\" itemscope=\"\" itemtype=\"https:\/\/schema.org\/Organization\"><img decoding=\"async\" src=\"https:\/\/www.tunisienumerique.com\/wp-content\/uploads\/2017\/02\/logo_tunisie_numerique.png\"\/><\/div>\n<div class=\"swp_social_panel swp_horizontal_panel swp_flat_fresh swp_default_full_color swp_individual_full_color swp_other_full_color scale-100 scale-\" data-min-width=\"1100\" data-float-color=\"#ffffff\" data-float=\"none\" data-float-mobile=\"none\" data-transition=\"slide\">\n<div class=\"nc_tweetContainer swp_share_button total_shares total_sharesalt\"><span class=\"swp_count\">21 <span class=\"swp_label\">Partages<\/span><\/span><\/div>\n<\/div>\n<div class=\"mvp-related-posts left relative\">\n<h4 class=\"post-header\"><span class=\"post-header\">Lire aussi<\/span><\/h4>\n<\/div>\n<\/div>\n<p>Auteur: LM<br \/>\n<a href=\"https:\/\/www.tunisienumerique.com\/michel-platini-arrete-dans-laffaire-de-corruption-dans-lattribution-du-mondial-2022-au-qatar\/\">Cliquez ici pour lire l&rsquo;article depuis sa source.<\/a><\/p>\n","protected":false},"excerpt":{"rendered":"<p>21 Partages L\u2019ancien pr\u00e9sident de l\u2019UEFA et num\u00e9ro 10 de l\u2019\u00e9quipe de France, est entendu dans le cadre de l\u2019enqu\u00eate pour corruption dans l\u2019attribution de la Coupe du monde 2022 au Qatar.Michel Platini a \u00e9t\u00e9 plac\u00e9 en garde \u00e0 vue mardi 18 juin dans les locaux de l\u2019Office anticorruption de la police judiciaire (OCLCIFF), \u00e0 [&hellip;]<\/p>\n","protected":false},"author":1789,"featured_media":41390,"comment_status":"closed","ping_status":"closed","sticky":false,"template":"","format":"standard","meta":{"fifu_image_url":"","fifu_image_alt":"","footnotes":""},"categories":[73,55],"tags":[],"class_list":["post-41389","post","type-post","status-publish","format-standard","has-post-thumbnail","hentry","category-actualite","category-tunisie"],"_links":{"self":[{"href":"https:\/\/linitiative.ca\/International\/wp-json\/wp\/v2\/posts\/41389","targetHints":{"allow":["GET"]}}],"collection":[{"href":"https:\/\/linitiative.ca\/International\/wp-json\/wp\/v2\/posts"}],"about":[{"href":"https:\/\/linitiative.ca\/International\/wp-json\/wp\/v2\/types\/post"}],"author":[{"embeddable":true,"href":"https:\/\/linitiative.ca\/International\/wp-json\/wp\/v2\/users\/1789"}],"replies":[{"embeddable":true,"href":"https:\/\/linitiative.ca\/International\/wp-json\/wp\/v2\/comments?post=41389"}],"version-history":[{"count":0,"href":"https:\/\/linitiative.ca\/International\/wp-json\/wp\/v2\/posts\/41389\/revisions"}],"wp:featuredmedia":[{"embeddable":true,"href":"https:\/\/linitiative.ca\/International\/wp-json\/"}],"wp:attachment":[{"href":"https:\/\/linitiative.ca\/International\/wp-json\/wp\/v2\/media?parent=41389"}],"wp:term":[{"taxonomy":"category","embeddable":true,"href":"https:\/\/linitiative.ca\/International\/wp-json\/wp\/v2\/categories?post=41389"},{"taxonomy":"post_tag","embeddable":true,"href":"https:\/\/linitiative.ca\/International\/wp-json\/wp\/v2\/tags?post=41389"}],"curies":[{"name":"wp","href":"https:\/\/api.w.org\/{rel}","templated":true}]}}