{"id":41391,"date":"2019-06-18T15:49:59","date_gmt":"2019-06-18T19:49:59","guid":{"rendered":"https:\/\/linitiative.ca\/International\/club-africain-les-entrainements-au-parc-a-des-la-prochaine-saison\/"},"modified":"2019-06-18T15:49:59","modified_gmt":"2019-06-18T19:49:59","slug":"club-africain-les-entrainements-au-parc-a-des-la-prochaine-saison","status":"publish","type":"post","link":"https:\/\/linitiative.ca\/International\/club-africain-les-entrainements-au-parc-a-des-la-prochaine-saison\/","title":{"rendered":"Club Africain : les entra\u00eenements au Parc A d\u00e8s la prochaine saison"},"content":{"rendered":"<div class=\"nc_socialPanel swp_flatFresh swp_d_fullColor swp_i_fullColor swp_o_fullColor scale-100 scale-fullWidth\" data-position=\"none\" data-float=\"floatNone\" data-count=\"5\" data-floatcolor=\"#ffffff\" data-emphasize=\"0\">\n<div class=\"nc_tweetContainer totes totesalt\" data-id=\"6\"><span class=\"swp_count\"><span class=\"swp_label\">Partages<\/span> 0<\/span><\/div>\n<\/div>\n<p dir=\"ltr\">Selon quelques \u00e9chos, le complexe sportif Mounir Keba\u00efli, quartier g\u00e9n\u00e9ral du Club Africain, rouvrira ses portes pour les entra\u00eenements de l\u2019\u00e9quipe premi\u00e8re de football.<br \/>Ferm\u00e9 depuis un moment, les travaux de r\u00e9am\u00e9nagement du Parc A vont bon train.<br \/>La r\u00e9novation du gazon sera la derni\u00e8re \u00e9tape avant de rendre le tarrain de football aux s\u00e9ances d\u2019entra\u00eenement et aux matches de jeunes. La pelouse sera pr\u00eate \u00e0 la fin de ce mois.<\/p>\n<div class=\"mvp-org-wrap mvp-org-logo\" itemprop=\"publisher\" itemscope=\"\" itemtype=\"https:\/\/schema.org\/Organization\"><img decoding=\"async\" src=\"https:\/\/sport.tunisienumerique.com\/wp-content\/uploads\/2017\/05\/logo_tunisie_numerique.png\"\/><\/div>\n<div class=\"nc_socialPanel swp_flatFresh swp_d_fullColor swp_i_fullColor swp_o_fullColor scale-100 scale-fullWidth\" data-position=\"none\" data-float=\"floatNone\" data-count=\"5\" data-floatcolor=\"#ffffff\" data-emphasize=\"0\">\n<div class=\"nc_tweetContainer totes totesalt\" data-id=\"6\"><span class=\"swp_count\"><span class=\"swp_label\">Partages<\/span> 0<\/span><\/div>\n<\/div>\n<div class=\"mvp-related-posts left relative\">\n<h4 class=\"post-header\"><span class=\"post-header\">Lire aussi<\/span><\/h4>\n<\/div>\n<p>Auteur:<br \/>\n<a href=\"https:\/\/sport.tunisienumerique.com\/club-africain-entrainements-parc-a-prochaine-saison\/\">Cliquez ici pour lire l&rsquo;article depuis sa source.<\/a><\/p>\n","protected":false},"excerpt":{"rendered":"<p>Partages 0 Selon quelques \u00e9chos, le complexe sportif Mounir Keba\u00efli, quartier g\u00e9n\u00e9ral du Club Africain, rouvrira ses portes pour les entra\u00eenements de l\u2019\u00e9quipe premi\u00e8re de football.Ferm\u00e9 depuis un moment, les travaux de r\u00e9am\u00e9nagement du Parc A vont bon train.La r\u00e9novation du gazon sera la derni\u00e8re \u00e9tape avant de rendre le tarrain de football aux s\u00e9ances [&hellip;]<\/p>\n","protected":false},"author":1789,"featured_media":41392,"comment_status":"closed","ping_status":"closed","sticky":false,"template":"","format":"standard","meta":{"fifu_image_url":"","fifu_image_alt":"","footnotes":""},"categories":[73,55],"tags":[],"class_list":["post-41391","post","type-post","status-publish","format-standard","has-post-thumbnail","hentry","category-actualite","category-tunisie"],"_links":{"self":[{"href":"https:\/\/linitiative.ca\/International\/wp-json\/wp\/v2\/posts\/41391","targetHints":{"allow":["GET"]}}],"collection":[{"href":"https:\/\/linitiative.ca\/International\/wp-json\/wp\/v2\/posts"}],"about":[{"href":"https:\/\/linitiative.ca\/International\/wp-json\/wp\/v2\/types\/post"}],"author":[{"embeddable":true,"href":"https:\/\/linitiative.ca\/International\/wp-json\/wp\/v2\/users\/1789"}],"replies":[{"embeddable":true,"href":"https:\/\/linitiative.ca\/International\/wp-json\/wp\/v2\/comments?post=41391"}],"version-history":[{"count":0,"href":"https:\/\/linitiative.ca\/International\/wp-json\/wp\/v2\/posts\/41391\/revisions"}],"wp:featuredmedia":[{"embeddable":true,"href":"https:\/\/linitiative.ca\/International\/wp-json\/"}],"wp:attachment":[{"href":"https:\/\/linitiative.ca\/International\/wp-json\/wp\/v2\/media?parent=41391"}],"wp:term":[{"taxonomy":"category","embeddable":true,"href":"https:\/\/linitiative.ca\/International\/wp-json\/wp\/v2\/categories?post=41391"},{"taxonomy":"post_tag","embeddable":true,"href":"https:\/\/linitiative.ca\/International\/wp-json\/wp\/v2\/tags?post=41391"}],"curies":[{"name":"wp","href":"https:\/\/api.w.org\/{rel}","templated":true}]}}