{"id":41395,"date":"2019-06-18T16:42:49","date_gmt":"2019-06-18T20:42:49","guid":{"rendered":"https:\/\/linitiative.ca\/International\/can-2019-des-arbitres-europeens-pour-la-var\/"},"modified":"2019-06-18T16:42:49","modified_gmt":"2019-06-18T20:42:49","slug":"can-2019-des-arbitres-europeens-pour-la-var","status":"publish","type":"post","link":"https:\/\/linitiative.ca\/International\/can-2019-des-arbitres-europeens-pour-la-var\/","title":{"rendered":"CAN 2019 : Des arbitres europ\u00e9ens pour la VAR !\u00a0\u00a0"},"content":{"rendered":"<div class=\"post-cont-in left relative\">\n<div class=\"swp_social_panel swp_horizontal_panel swp_flat_fresh swp_default_full_color swp_individual_full_color swp_other_full_color scale-100 scale-\" data-min-width=\"1100\" data-float-color=\"#ffffff\" data-float=\"none\" data-float-mobile=\"none\" data-transition=\"slide\">\n<div class=\"nc_tweetContainer swp_share_button total_shares total_sharesalt\"><span class=\"swp_count\">7 <span class=\"swp_label\">Partages<\/span><\/span><\/div>\n<\/div>\n<p><span>Pour ne pas nuire \u00e0 l\u2019image de l\u2019\u00e9v\u00e9nement, la Conf\u00e9d\u00e9ration africaine de football (CAF)\u00a0<\/span><span>envisage la possibilit\u00e9 de faire appel \u00e0 des arbitres europ\u00e9ens \u00e0 partir des quarts de finale de la Coupe d\u2019Afrique des Nations 2019 afin de superviser l\u2019\u00e9quipe de l\u2019a<\/span><span>ssistance vid\u00e9o \u00e0 l\u2019arbitrage (VAR).<\/span><span>\u00a0<\/span><\/p>\n<p><span>La VAR sera\u00a0<\/span><span>adopt\u00e9e<\/span><span>\u00a0d\u00e8s les quarts de finale de la CAN, pour la premi\u00e8re de l\u2019histoire de la comp\u00e9tition.<\/span><span>\u00a0<\/span><\/p>\n<div class=\"code-block code-block-1 c3\"><ins class=\"adsbygoogle c2\" data-ad-layout=\"in-article\" data-ad-format=\"fluid\" data-ad-client=\"ca-pub-2102118777505746\" data-ad-slot=\"7301775417\"\/> <\/div>\n<p><span>Cette d\u00e9cision de l\u2019instance panafricaine intervient quelques jours apr\u00e8s le scandale de la finale de la Ligue des Champions entre l\u2019Esp\u00e9rance sportive de Tunis et le\u00a0<\/span><span>Wydad<\/span><span>\u00a0de Casablanca.<\/span><span>\u00a0<\/span><\/p>\n<p><span>Pour rappel, la CAN 2019, qui se d\u00e9roule en Egypte, d\u00e9butera ce vendredi 21 juin.<\/span><span>\u00a0<\/span><\/p>\n<div class=\"mvp-org-wrap mvp-org-logo\" itemprop=\"publisher\" itemscope=\"\" itemtype=\"https:\/\/schema.org\/Organization\"><img decoding=\"async\" src=\"https:\/\/www.tunisienumerique.com\/wp-content\/uploads\/2017\/02\/logo_tunisie_numerique.png\"\/><\/div>\n<div class=\"swp_social_panel swp_horizontal_panel swp_flat_fresh swp_default_full_color swp_individual_full_color swp_other_full_color scale-100 scale-\" data-min-width=\"1100\" data-float-color=\"#ffffff\" data-float=\"none\" data-float-mobile=\"none\" data-transition=\"slide\">\n<div class=\"nc_tweetContainer swp_share_button total_shares total_sharesalt\"><span class=\"swp_count\">7 <span class=\"swp_label\">Partages<\/span><\/span><\/div>\n<\/div>\n<div class=\"mvp-related-posts left relative\">\n<h4 class=\"post-header\"><span class=\"post-header\">Lire aussi<\/span><\/h4>\n<\/div>\n<\/div>\n<p>Auteur:<br \/>\n<a href=\"https:\/\/www.tunisienumerique.com\/can-2019-arbitres-europeens-var\/\">Cliquez ici pour lire l&rsquo;article depuis sa source.<\/a><\/p>\n","protected":false},"excerpt":{"rendered":"<p>7 Partages Pour ne pas nuire \u00e0 l\u2019image de l\u2019\u00e9v\u00e9nement, la Conf\u00e9d\u00e9ration africaine de football (CAF)\u00a0envisage la possibilit\u00e9 de faire appel \u00e0 des arbitres europ\u00e9ens \u00e0 partir des quarts de finale de la Coupe d\u2019Afrique des Nations 2019 afin de superviser l\u2019\u00e9quipe de l\u2019assistance vid\u00e9o \u00e0 l\u2019arbitrage (VAR).\u00a0 La VAR sera\u00a0adopt\u00e9e\u00a0d\u00e8s les quarts de finale [&hellip;]<\/p>\n","protected":false},"author":1789,"featured_media":41396,"comment_status":"closed","ping_status":"closed","sticky":false,"template":"","format":"standard","meta":{"fifu_image_url":"","fifu_image_alt":"","footnotes":""},"categories":[73,55],"tags":[],"class_list":["post-41395","post","type-post","status-publish","format-standard","has-post-thumbnail","hentry","category-actualite","category-tunisie"],"_links":{"self":[{"href":"https:\/\/linitiative.ca\/International\/wp-json\/wp\/v2\/posts\/41395","targetHints":{"allow":["GET"]}}],"collection":[{"href":"https:\/\/linitiative.ca\/International\/wp-json\/wp\/v2\/posts"}],"about":[{"href":"https:\/\/linitiative.ca\/International\/wp-json\/wp\/v2\/types\/post"}],"author":[{"embeddable":true,"href":"https:\/\/linitiative.ca\/International\/wp-json\/wp\/v2\/users\/1789"}],"replies":[{"embeddable":true,"href":"https:\/\/linitiative.ca\/International\/wp-json\/wp\/v2\/comments?post=41395"}],"version-history":[{"count":0,"href":"https:\/\/linitiative.ca\/International\/wp-json\/wp\/v2\/posts\/41395\/revisions"}],"wp:featuredmedia":[{"embeddable":true,"href":"https:\/\/linitiative.ca\/International\/wp-json\/"}],"wp:attachment":[{"href":"https:\/\/linitiative.ca\/International\/wp-json\/wp\/v2\/media?parent=41395"}],"wp:term":[{"taxonomy":"category","embeddable":true,"href":"https:\/\/linitiative.ca\/International\/wp-json\/wp\/v2\/categories?post=41395"},{"taxonomy":"post_tag","embeddable":true,"href":"https:\/\/linitiative.ca\/International\/wp-json\/wp\/v2\/tags?post=41395"}],"curies":[{"name":"wp","href":"https:\/\/api.w.org\/{rel}","templated":true}]}}