{"id":41397,"date":"2019-06-18T15:40:58","date_gmt":"2019-06-18T19:40:58","guid":{"rendered":"https:\/\/linitiative.ca\/International\/inhumation-rapide-et-descrete-de-morsi\/"},"modified":"2019-06-18T15:40:58","modified_gmt":"2019-06-18T19:40:58","slug":"inhumation-rapide-et-descrete-de-morsi","status":"publish","type":"post","link":"https:\/\/linitiative.ca\/International\/inhumation-rapide-et-descrete-de-morsi\/","title":{"rendered":"INHUMATION RAPIDE ET DESCRETE DE MORSI"},"content":{"rendered":"<div class=\"stream-item stream-item-above-post-content\">\n<p><noscript><\/p>\n<p><a href=\"\/\/www3.smartadserver.com\/ac?jump=1&#038;nwid=2136&#038;siteid=240610&#038;pgname=rg&#038;fmtid=49046&#038;visit=m&#038;tmstp=[timestamp]&#038;out=nonrich\" target=\"_blank\" rel=\"noopener noreferrer\"><img decoding=\"async\" src=\"\/\/www3.smartadserver.com\/ac?out=nonrich&#038;nwid=2136&#038;siteid=240610&#038;pgname=rg&#038;fmtid=49046&#038;visit=m&#038;tmstp=[timestamp]\" border=\"0\" alt=\"\"\/><\/a><\/p>\n<p><\/noscript><\/div>\n<p class=\"c3\"><em>D\u00e9c\u00e9d\u00e9 le 17 juin 2019 d\u2019une crise cardiaque, l\u2019ancien pr\u00e9sident \u00e9gyptien, Mohamed Morsi, a \u00e9t\u00e9 enterr\u00e9 \u00e0 la sauvette et dans la plus grande discr\u00e9tion, \u00e0 l\u2019Est du Caire. C\u2019\u00e9tait le 18 juin dernier, en pr\u00e9sence de sa famille et cela sous le regard bienveillant, pour ainsi dire, d\u2019un impressionnant dispositif s\u00e9curitaire. Tous ceux qui r\u00eavaient donc d\u2019obs\u00e8ques nationales pour celui-l\u00e0 qui a dirig\u00e9 l\u2019Egypte pendant moins de deux ans apr\u00e8s le printemps arabe, doivent vite d\u00e9senchanter. Morsi est ha\u00ef jusqu\u2019\u00e0 son cadavre si bien qu\u2019il n\u2019a m\u00eame pas eu droit aux larmes de crocodile de son tombeur, le mar\u00e9chal Al-Sissi. Le comble, c\u2019est que redoutant que le lieu d\u2019inhumation du d\u00e9sormais ex-mentor des Fr\u00e8res musulmans, ne devienne un lieu de p\u00e8lerinage, les autorit\u00e9s \u00e9gyptiennes n\u2019ont pas donn\u00e9 la possibilit\u00e9 \u00e0 la famille du d\u00e9funt de l\u2019enterrer dans son village. Et ce n\u2019est pas tout. Pour parer \u00e0 toute \u00e9ventualit\u00e9, l\u2019\u00e9tat d\u2019urgence en vigueur depuis plusieurs ann\u00e9es dans le pays, a \u00e9t\u00e9 davantage renforc\u00e9\u00a0; en t\u00e9moigne le d\u00e9ploiement des forces de l\u2019ordre dans les principales villes du pays, notamment dans la province du delta du Nil, connue pour \u00eatre le fief du d\u00e9funt pr\u00e9sident. C\u2019est la preuve donc pour ceux qui en doutaient encore, que jusqu\u2019\u00e0 la tombe, Morsi d\u00e9range\u00a0; d\u2019o\u00f9 la f\u00e9brilit\u00e9 dont font montre les autorit\u00e9s \u00e9gyptiennes.<\/em><\/p>\n<p><strong>Ne serait-ce que par devoir de gratitude, Al-Sissi devrait honorer la m\u00e9moire du natif du delta du Nil<\/strong><\/p>\n<p class=\"c3\"><em>Mais \u00e0 vrai dire, pour avoir \u00e9t\u00e9 chef d\u2019Etat, le successeur de Hosni Moubarak ne m\u00e9rite pas le traitement qui lui a \u00e9t\u00e9 r\u00e9serv\u00e9 apr\u00e8s sa mort, e\u00fbt-il \u00e9t\u00e9 un dictateur. Car apr\u00e8s tout, les morts, en Afrique, m\u00e9ritent respect\u00a0; c\u2019est ce qui explique que tr\u00e8s rarement, on parle mal de ceux qui ne sont plus de ce monde. Et le pr\u00e9sident Al-Sissi se devait d\u2019accorder une s\u00e9pulture digne \u00e0 Morsi, cela d\u2019autant qu\u2019il doit son ascension fulgurante dans l\u2019arm\u00e9e \u00e0 ce dernier dont il fut le ministre de la D\u00e9fense entre 2012 et 2013. Ne serait-ce que par devoir de gratitude, il devrait honorer la m\u00e9moire du natif du delta du Nil. Car, dictateur pour dictateur, on ne sait pas qui de lui et de Morsi aura fait plus de torts \u00e0 l\u2019Egypte. Pour les organisations de d\u00e9fense des droits de l\u2019Homme, la question ne se pose pas. D\u2019autant plus que sous le magist\u00e8re d\u2019Al-Sissi, l\u2019Egypte est devenue un goulag \u00e0 ciel ouvert, tant on emprisonne \u00e0 tour de bras. Le pire, c\u2019est que les conditions de d\u00e9tention sont le plus souvent jug\u00e9es \u00ab\u00a0inhumaines\u00a0\u00bb. C\u2019est ce qui explique que longtemps malade, Morsi n\u2019a pas eu droit \u00e0 des soins m\u00e9dicaux ad\u00e9quats jusqu\u2019\u00e0 ce que se produise l\u2019irr\u00e9parable. En clair donc, la mort de Morsi a \u00e9t\u00e9 provoqu\u00e9e pour ne pas dire savamment orchestr\u00e9e par le pouvoir du Caire qui trouve l\u00e0 une occasion de se d\u00e9barrasser d\u2019un prisonnier encombrant. Cela dit, \u00ab\u00a0l\u2019enqu\u00eate minutieuse et ind\u00e9pendante\u00a0\u00bb que r\u00e9clame l\u2019ONU, risque de rester sans suite \u00e9tant donn\u00e9 que dans le cas d\u2019esp\u00e8ce, les coupables sont d\u00e9j\u00e0 connus. Mais que le pr\u00e9sident Al-Sissi se le tienne pour dit\u00a0: \u00e7\u00e0 n\u2019arrive pas qu\u2019aux autres, surtout qu\u2019ici bas, nul ne conna\u00eet ni l\u2019heure, ni le jour, ni les circonstances de sa mort. Le bien comme le mal que nous faisons \u00e0 autrui, pourrait nous rattraper t\u00f4t ou tard.<\/em><\/p>\n<p><strong>Boundi OUOBA<\/strong><\/p>\n<p>Auteur: Le Pays<br \/>\n<a href=\"http:\/\/lepays.bf\/inhumation-rapide-et-descrete-de-morsi\/\">Cliquez ici pour lire l&rsquo;article depuis sa source.<\/a><\/p>\n","protected":false},"excerpt":{"rendered":"<p>D\u00e9c\u00e9d\u00e9 le 17 juin 2019 d\u2019une crise cardiaque, l\u2019ancien pr\u00e9sident \u00e9gyptien, Mohamed Morsi, a \u00e9t\u00e9 enterr\u00e9 \u00e0 la sauvette et dans la plus grande discr\u00e9tion, \u00e0 l\u2019Est du Caire. C\u2019\u00e9tait le 18 juin dernier, en pr\u00e9sence de sa famille et cela sous le regard bienveillant, pour ainsi dire, d\u2019un impressionnant dispositif s\u00e9curitaire. Tous ceux qui [&hellip;]<\/p>\n","protected":false},"author":1813,"featured_media":0,"comment_status":"closed","ping_status":"closed","sticky":false,"template":"","format":"standard","meta":{"fifu_image_url":"","fifu_image_alt":"","footnotes":""},"categories":[73,81],"tags":[],"class_list":["post-41397","post","type-post","status-publish","format-standard","hentry","category-actualite","category-burkina-faso"],"_links":{"self":[{"href":"https:\/\/linitiative.ca\/International\/wp-json\/wp\/v2\/posts\/41397","targetHints":{"allow":["GET"]}}],"collection":[{"href":"https:\/\/linitiative.ca\/International\/wp-json\/wp\/v2\/posts"}],"about":[{"href":"https:\/\/linitiative.ca\/International\/wp-json\/wp\/v2\/types\/post"}],"author":[{"embeddable":true,"href":"https:\/\/linitiative.ca\/International\/wp-json\/wp\/v2\/users\/1813"}],"replies":[{"embeddable":true,"href":"https:\/\/linitiative.ca\/International\/wp-json\/wp\/v2\/comments?post=41397"}],"version-history":[{"count":0,"href":"https:\/\/linitiative.ca\/International\/wp-json\/wp\/v2\/posts\/41397\/revisions"}],"wp:attachment":[{"href":"https:\/\/linitiative.ca\/International\/wp-json\/wp\/v2\/media?parent=41397"}],"wp:term":[{"taxonomy":"category","embeddable":true,"href":"https:\/\/linitiative.ca\/International\/wp-json\/wp\/v2\/categories?post=41397"},{"taxonomy":"post_tag","embeddable":true,"href":"https:\/\/linitiative.ca\/International\/wp-json\/wp\/v2\/tags?post=41397"}],"curies":[{"name":"wp","href":"https:\/\/api.w.org\/{rel}","templated":true}]}}