{"id":41401,"date":"2019-06-18T15:18:07","date_gmt":"2019-06-18T19:18:07","guid":{"rendered":"https:\/\/linitiative.ca\/International\/au-moins-14-morts-dans-de-nouvelles-attaques-au-centre-du-mali\/"},"modified":"2019-06-18T15:18:07","modified_gmt":"2019-06-18T19:18:07","slug":"au-moins-14-morts-dans-de-nouvelles-attaques-au-centre-du-mali","status":"publish","type":"post","link":"https:\/\/linitiative.ca\/International\/au-moins-14-morts-dans-de-nouvelles-attaques-au-centre-du-mali\/","title":{"rendered":"Au moins 14 morts dans de nouvelles attaques au centre du Mali"},"content":{"rendered":"<div readability=\"32\">\n<p>Publi\u00e9 le 18.06.2019 \u00e0 20h18 par APA News<\/p>\n<\/div>\n<div readability=\"52\">\n<p>Des attaques contre deux villages du centre du Mali ont fait lundi au moins 14 morts, a annonc\u00e9, mardi \u00e0 Bamako, le Procureur du pole antiterroriste, Boubacar Sidiki Samak\u00e9.Les assaillants ont cibl\u00e9 les villages de Gandafani 2 et de Yoro situ\u00e9s dans le cercle de Koro. \u00ab Le bilan provisoire serait de 14 mort \u00bb, a d\u00e9clar\u00e9 au cours d\u2019une conf\u00e9rence de presse, le Procureur du pole antiterroriste, Boubacar Sidiki Samak\u00e9.<\/p>\n<p>Mais des sources locales contact\u00e9es par APA font \u00e9tat de plusieurs dizaines de morts, tous des civils.<\/p>\n<p>Cette attaque intervient dans un contexte d\u2019ins\u00e9curit\u00e9 dans le centre du Mali. Le 9 juin dernier, 35 civils ont \u00e9t\u00e9 abattus par des individus arm\u00e9s non identifi\u00e9s dans le village de Sobanou, situ\u00e9 dans le cercle de Bandiagara dans la m\u00eame r\u00e9gion.<\/p>\n<\/div>\n<p>Auteur: APA News<br \/>\n<a href=\"https:\/\/www.journalducameroun.com\/au-moins-14-morts-dans-de-nouvelles-attaques-au-centre-du-mali\/\">Cliquez ici pour lire l&rsquo;article depuis sa source.<\/a><\/p>\n","protected":false},"excerpt":{"rendered":"<p>Publi\u00e9 le 18.06.2019 \u00e0 20h18 par APA News Des attaques contre deux villages du centre du Mali ont fait lundi au moins 14 morts, a annonc\u00e9, mardi \u00e0 Bamako, le Procureur du pole antiterroriste, Boubacar Sidiki Samak\u00e9.Les assaillants ont cibl\u00e9 les villages de Gandafani 2 et de Yoro situ\u00e9s dans le cercle de Koro. \u00ab [&hellip;]<\/p>\n","protected":false},"author":1965,"featured_media":0,"comment_status":"closed","ping_status":"closed","sticky":false,"template":"","format":"standard","meta":{"fifu_image_url":"","fifu_image_alt":"","footnotes":""},"categories":[73,82],"tags":[],"class_list":["post-41401","post","type-post","status-publish","format-standard","hentry","category-actualite","category-cameroun"],"_links":{"self":[{"href":"https:\/\/linitiative.ca\/International\/wp-json\/wp\/v2\/posts\/41401","targetHints":{"allow":["GET"]}}],"collection":[{"href":"https:\/\/linitiative.ca\/International\/wp-json\/wp\/v2\/posts"}],"about":[{"href":"https:\/\/linitiative.ca\/International\/wp-json\/wp\/v2\/types\/post"}],"author":[{"embeddable":true,"href":"https:\/\/linitiative.ca\/International\/wp-json\/wp\/v2\/users\/1965"}],"replies":[{"embeddable":true,"href":"https:\/\/linitiative.ca\/International\/wp-json\/wp\/v2\/comments?post=41401"}],"version-history":[{"count":0,"href":"https:\/\/linitiative.ca\/International\/wp-json\/wp\/v2\/posts\/41401\/revisions"}],"wp:attachment":[{"href":"https:\/\/linitiative.ca\/International\/wp-json\/wp\/v2\/media?parent=41401"}],"wp:term":[{"taxonomy":"category","embeddable":true,"href":"https:\/\/linitiative.ca\/International\/wp-json\/wp\/v2\/categories?post=41401"},{"taxonomy":"post_tag","embeddable":true,"href":"https:\/\/linitiative.ca\/International\/wp-json\/wp\/v2\/tags?post=41401"}],"curies":[{"name":"wp","href":"https:\/\/api.w.org\/{rel}","templated":true}]}}