{"id":41402,"date":"2019-06-18T15:18:10","date_gmt":"2019-06-18T19:18:10","guid":{"rendered":"https:\/\/linitiative.ca\/International\/cote-divoire-une-journee-de-reboisement-organisee-a-agboville\/"},"modified":"2019-06-18T15:18:10","modified_gmt":"2019-06-18T19:18:10","slug":"cote-divoire-une-journee-de-reboisement-organisee-a-agboville","status":"publish","type":"post","link":"https:\/\/linitiative.ca\/International\/cote-divoire-une-journee-de-reboisement-organisee-a-agboville\/","title":{"rendered":"C\u00f4te d\u2019Ivoire : une journ\u00e9e de reboisement organis\u00e9e \u00e0 Agboville"},"content":{"rendered":"<div readability=\"32\">\n<p>Publi\u00e9 le 18.06.2019 \u00e0 20h18 par APA News<\/p>\n<\/div>\n<div readability=\"101\">\n<p>Dans le cadre de la Quinzaine Nationale de l\u2019Environnement et du D\u00e9veloppement Durable et de la Journ\u00e9e mondiale de la lutte contre la d\u00e9sertification et la s\u00e9cheresse (JMLDS), la Fondation Marie-Esther a organis\u00e9, lundi \u00e0 Aboud\u00e9 dans la r\u00e9gion d\u2019Agboville, une journ\u00e9e de planting d\u2019arbres.Cette op\u00e9ration de planting d\u2019arbres sur une parcelle de 1 ha marque le d\u00e9but d\u2019un reboisement collectif sur 8 ha dans trois zones cibl\u00e9es de la r\u00e9gion de l\u2019Agn\u00e9by Tiassa dont la for\u00eat de KAVI.<\/p>\n<p>Ces multiples actions de reforestation du couvert v\u00e9g\u00e9tal visent, selon la Fondation Marie-Esther \u00e0 une prise de conscience environnementale de la population pour une appropriation de la pratique, en mati\u00e8re de reforestation dans leur environnement respectif.<\/p>\n<p>Pour donner le ton, les \u00e9l\u00e8ves des villages d\u2019Aboud\u00e9 impliqu\u00e9s dans le projet d\u2019\u00e9cocitoyennet\u00e9 par le jardinage d\u2019agroforesterie, ont mis en terre les plants (400 au total) issus de leurs p\u00e9pini\u00e8res foresti\u00e8res de diverses essences dont le Tali, le Niangon, l\u2019Aacajou et autres le Teck, fournis par la SODEFOR (Soci\u00e9t\u00e9 pour le d\u00e9veloppement des for\u00eats, service public) d\u2019Agboville.<\/p>\n<p>Pr\u00e9sidant cette journ\u00e9e de planting, Eva Z\u00e9hi Iri\u00e9, Sous-pr\u00e9fet d\u2019Aboud\u00e9 a salu\u00e9 cette initiative de la Fondation Marie-Esther, qui s\u2019inscrit dans \u00ab la politique du gouvernement ivoirien, \u00e0 pouvoir lutter contre la d\u00e9sertification \u00bb avant de se r\u00e9jouir que ses administr\u00e9s \u00ab adh\u00e8rent au projet \u00bb.<\/p>\n<p>Pour le repr\u00e9sentant de la Banque africaine de d\u00e9veloppement (BAD), partenaire de l\u2019op\u00e9ration, Emile Kouakou Bela, \u00ab planter un arbre, c\u2019est donner vie \u00e0 une communaut\u00e9 \u00bb, soulignant que \u00ab la BAD se tient aux c\u00f4t\u00e9s de toutes les communaut\u00e9s autant qu\u2019elles sont, pour p\u00e9renniser cette action de planting d\u2019arbres \u00bb.<\/p>\n<p>\u00ab La population s\u2019est appropri\u00e9e le projet d\u2019\u00e9cocitoyennet\u00e9 par le jardinage de l\u2019agroforesterie, je repars heureuse de ce feedback \u00bb, s\u2019est r\u00e9jouie Marie-Ester Kanga, Pr\u00e9sidente de la Fondation Marie-Ester.<\/p>\n<p>Le 31 mai dernier, le ministre ivoirien de l\u2019Environnement et du D\u00e9veloppement durable, Pr Joseph S\u00e9ka S\u00e9ka, avait lanc\u00e9 la Quinzaine nationale de l\u2019environnement autour du th\u00e8me, \u00ab Ensemble pr\u00e9servons et restaurons notre environnement pour de meilleures conditions de vie \u00bb.<\/p>\n<p>Cette quinzaine qui vise \u00e0 sensibiliser les gouvernants, les populations et toutes les parties prenantes sur les risques de catastrophe et \u00e0 susciter des actions correctives en faveur de l\u2019environnement et du bien-\u00eatre des populations, avec la participation du secteur public et secteur priv\u00e9, des organisations non gouvernementales, du syst\u00e8me des Nations unies, de la Banque africaine de d\u00e9veloppement (BAD), des ambassades et de la soci\u00e9t\u00e9 civile.<\/p>\n<\/div>\n<p>Auteur: APA News<br \/>\n<a href=\"https:\/\/www.journalducameroun.com\/cote-divoire-une-journee-de-reboisement-organisee-a-agboville\/\">Cliquez ici pour lire l&rsquo;article depuis sa source.<\/a><\/p>\n","protected":false},"excerpt":{"rendered":"<p>Publi\u00e9 le 18.06.2019 \u00e0 20h18 par APA News Dans le cadre de la Quinzaine Nationale de l\u2019Environnement et du D\u00e9veloppement Durable et de la Journ\u00e9e mondiale de la lutte contre la d\u00e9sertification et la s\u00e9cheresse (JMLDS), la Fondation Marie-Esther a organis\u00e9, lundi \u00e0 Aboud\u00e9 dans la r\u00e9gion d\u2019Agboville, une journ\u00e9e de planting d\u2019arbres.Cette op\u00e9ration de [&hellip;]<\/p>\n","protected":false},"author":1965,"featured_media":0,"comment_status":"closed","ping_status":"closed","sticky":false,"template":"","format":"standard","meta":{"fifu_image_url":"","fifu_image_alt":"","footnotes":""},"categories":[73,82],"tags":[],"class_list":["post-41402","post","type-post","status-publish","format-standard","hentry","category-actualite","category-cameroun"],"_links":{"self":[{"href":"https:\/\/linitiative.ca\/International\/wp-json\/wp\/v2\/posts\/41402","targetHints":{"allow":["GET"]}}],"collection":[{"href":"https:\/\/linitiative.ca\/International\/wp-json\/wp\/v2\/posts"}],"about":[{"href":"https:\/\/linitiative.ca\/International\/wp-json\/wp\/v2\/types\/post"}],"author":[{"embeddable":true,"href":"https:\/\/linitiative.ca\/International\/wp-json\/wp\/v2\/users\/1965"}],"replies":[{"embeddable":true,"href":"https:\/\/linitiative.ca\/International\/wp-json\/wp\/v2\/comments?post=41402"}],"version-history":[{"count":0,"href":"https:\/\/linitiative.ca\/International\/wp-json\/wp\/v2\/posts\/41402\/revisions"}],"wp:attachment":[{"href":"https:\/\/linitiative.ca\/International\/wp-json\/wp\/v2\/media?parent=41402"}],"wp:term":[{"taxonomy":"category","embeddable":true,"href":"https:\/\/linitiative.ca\/International\/wp-json\/wp\/v2\/categories?post=41402"},{"taxonomy":"post_tag","embeddable":true,"href":"https:\/\/linitiative.ca\/International\/wp-json\/wp\/v2\/tags?post=41402"}],"curies":[{"name":"wp","href":"https:\/\/api.w.org\/{rel}","templated":true}]}}