{"id":41405,"date":"2019-06-18T15:50:04","date_gmt":"2019-06-18T19:50:04","guid":{"rendered":"https:\/\/linitiative.ca\/International\/algerie-le-chef-de-larmee-met-en-garde-contre-une-destruction-des-fondements-de-letat\/"},"modified":"2019-06-18T15:50:04","modified_gmt":"2019-06-18T19:50:04","slug":"algerie-le-chef-de-larmee-met-en-garde-contre-une-destruction-des-fondements-de-letat","status":"publish","type":"post","link":"https:\/\/linitiative.ca\/International\/algerie-le-chef-de-larmee-met-en-garde-contre-une-destruction-des-fondements-de-letat\/","title":{"rendered":"Alg\u00e9rie: le chef de l\u2019arm\u00e9e met en garde contre une destruction des fondements de l\u2019Etat"},"content":{"rendered":"<p>Toute transition hors du cadre constitutionnel, telle que r\u00e9clam\u00e9e par le mouvement de contestation en Alg\u00e9rie, conduira \u00e0 \u00ab\u00a0la destruction des fondements de l\u2019Etat\u00a0\u00bb, a averti mardi le chef d\u2019\u00e9tat-major de l\u2019arm\u00e9e, le g\u00e9n\u00e9ral Ahmed Ga\u00efd Salah.<\/p>\n<p>De fait v\u00e9ritable homme fort du pays depuis la d\u00e9mission du pr\u00e9sident Abdelaziz Bouteflika le 2 avril, le g\u00e9n\u00e9ral Ga\u00efd Salah a qualifi\u00e9 d&rsquo;\u00a0\u00bbennemis de l\u2019Alg\u00e9rie\u00a0\u00bb ceux \u00ab\u00a0qui vouent rancune et animosit\u00e9 envers l\u2019arm\u00e9e (\u2026) et son commandement\u00a0\u00bb, revenu au centre du jeu politique.<\/p>\n<p>Le g\u00e9n\u00e9ral Ga\u00efd Salah est critiqu\u00e9 pour son rejet des revendications de la contestation qui r\u00e9clame notamment la mise en place d\u2019institutions ad hoc, charg\u00e9es de r\u00e9former l\u2019Alg\u00e9rie, d\u2019\u00e9laborer un nouvelle Constitution puis d\u2019organiser une pr\u00e9sidentielle.<\/p>\n<p>Le mouvement de contestation populaire, qui agite l\u2019Alg\u00e9rie depuis le 22 f\u00e9vrier, continue de r\u00e9clamer semaine apr\u00e8s semaine le d\u00e9part du pouvoir des anciens fid\u00e8les de M. Bouteflika encore aux commandes, en t\u00eate desquels le pr\u00e9sident par int\u00e9rim Abdelkader Bensalah et le g\u00e9n\u00e9ral Ga\u00efd Salah, soutien ind\u00e9fectible durant 15 ans de l\u2019ancien chef de l\u2019Etat.<\/p>\n<p>Ceux qui \u00ab\u00a0tentent sciemment d\u2019outrepasser, voire geler, l\u2019application des dispositions de la Constitution, r\u00e9alisent-ils que cela signifie la suppression de toutes les institutions de l\u2019Etat et s\u2019engouffrer dans un tunnel obscur d\u00e9nomm\u00e9 le vide constitutionnel?\u00a0\u00bb, a interrog\u00e9 mardi le g\u00e9n\u00e9ral Ga\u00efd Salah.<\/p>\n<p>Le vide constitutionnel, c\u2019est \u00ab\u00a0la destruction des fondements de l\u2019Etat national alg\u00e9rien et penser \u00e0 construire un autre Etat avec d\u2019autres standards, d\u2019autres id\u00e9es et d\u2019autres projets id\u00e9ologiques, auxquels seront consacr\u00e9s des d\u00e9bats sans fin\u00a0\u00bb, a-t-il d\u00e9clar\u00e9, dans un 2e discours en deux jours, \u00e0 l\u2019occasion d\u2019un d\u00e9placement \u00e0 B\u00e9char (ouest), selon l\u2019agence officielle APS.<\/p>\n<p>\u2013 \u00ab\u00a0Tra\u00eetres\u00a0\u00bb \u2013<\/p>\n<p>Samedi, une centaine d\u2019associations et syndicats avaient appel\u00e9 \u00e0 une p\u00e9riode de \u00ab\u00a0transition de six mois \u00e0 un an\u00a0\u00bb, pilot\u00e9e par une ou des personnalit\u00e9s consensuelles, charg\u00e9es d\u2019organiser l\u2019\u00e9lection d\u2019un successeur \u00e0 Abdelaziz Bouteflika, pouss\u00e9 \u00e0 la d\u00e9mission apr\u00e8s 20 ans au pouvoir.<\/p>\n<p>Une revendication rejet\u00e9e par le g\u00e9n\u00e9ral Ga\u00efd Salah lundi qui a rappel\u00e9 \u00ab\u00a0l\u2019attachement r\u00e9solu\u00a0\u00bb de l\u2019arm\u00e9e alg\u00e9rienne \u00ab\u00a0aux solutions l\u00e9gales et constitutionnelles pour r\u00e9soudre la crise que traverse l\u2019Alg\u00e9rie\u00a0\u00bb.<\/p>\n<p>Si le haut commandant militaire refuse \u00e9nergiquement toute sortie du \u00ab\u00a0cadre constitutionnel\u00a0\u00bb et met en garde r\u00e9guli\u00e8rement contre les dangers du \u00ab\u00a0vide constitutionnel\u00a0\u00bb, les termes employ\u00e9s mardi semblent plus fermes et dramatiques qu\u2019\u00e0 l\u2019accoutum\u00e9e.<\/p>\n<p>Le g\u00e9n\u00e9ral Ga\u00efd Salah multiplie par ailleurs les d\u00e9clarations publiques, ce qui contraste avec le quasi-mutisme des autorit\u00e9s l\u00e9gitimes, le pr\u00e9sident par int\u00e9rim Abdelkader Bensalah et le Premier ministre Noureddine Bedoui.<\/p>\n<p>L\u2019annulation, faute de candidats, de la pr\u00e9sidentielle du 4 juillet, que rejetait la contestation, place le pouvoir dans une situation d\u00e9licate, la Constitution pr\u00e9voyant que M. Bensalah rende le pouvoir \u00e0 un pr\u00e9sident \u00e9lu d\u2019ici le 9 juillet, un d\u00e9lai trop court pour organiser un nouveau scrutin.<\/p>\n<p>\u00ab\u00a0Il est impensable de proc\u00e9der au nom du peuple, \u00e0 la destruction de la r\u00e9alisation du peuple alg\u00e9rien, qui est (\u2026) la Constitution\u00a0\u00bb, a affirm\u00e9 le g\u00e9n\u00e9ral Ga\u00efd Salah, estimant que les principes qu\u2019elle contient \u00ab\u00a0n\u2019ont nul besoin de quelque forme que ce soit de r\u00e9vision ou de changement\u00a0\u00bb.<\/p>\n<p>M. Bensalah et le g\u00e9n\u00e9ral Ga\u00efd Salah continuent d\u2019appeler \u00e0 un \u00ab\u00a0dialogue\u00a0\u00bb en vue de l\u2019organisation rapide d\u2019une pr\u00e9sidentielle.<\/p>\n<p>Mais la contestation refuse que des personnalit\u00e9s li\u00e9es \u00e0 la pr\u00e9sidence Bouteflika organisent le scrutin et nie au g\u00e9n\u00e9ral Ga\u00efd Salah toute l\u00e9gitimit\u00e9 politique.<\/p>\n<p>\u00ab\u00a0Arm\u00e9e et peuples sont fr\u00e8res mais Ga\u00efd Salah est avec les tra\u00eetres\u00a0\u00bb, ont scand\u00e9 des centaines d\u2019\u00e9tudiants r\u00e9unis \u00e0 Alger comme chaque mardi depuis des semaines, a constat\u00e9 un journaliste de l\u2019AFP.<\/p>\n<p>Avant le discours du chef d\u2019\u00e9tat-major de l\u2019arm\u00e9e, plusieurs partis d\u2019opposition et la Ligue alg\u00e9rienne de d\u00e9fense des droits de l\u2019Homme (LADDH) ont appel\u00e9 \u00e0 \u00ab\u00a0\u00e9laborer une solution politique ambitieuse, raisonnable et r\u00e9alisable\u00a0\u00bb, visant \u00e0 \u00ab\u00a0changer radicalement le syst\u00e8me, en vue de propulser le pays d\u2019un ordre constitutionnel obsol\u00e8te vers un ordre d\u00e9mocratique\u00a0\u00bb.<\/p>\n<p>\u00ab\u00a0La transition d\u00e9mocratique n\u2019est pas un choix. Elle est de l\u2019ordre de la n\u00e9cessit\u00e9\u00a0\u00bb, estiment, entre autres, le Front des forces socialistes (FFS, plus ancien parti d\u2019opposition), le Rassemblement pour la Culture et la D\u00e9mocratie (RCD) ou le Parti des Travailleurs (PT).<\/p>\n<p>\u00ab\u00a0Le pouvoir en place pers\u00e9v\u00e8re obstin\u00e9ment dans le d\u00e9ni de la r\u00e9alit\u00e9 et a fait le choix du pourrissement et la manipulation\u00a0\u00bb, d\u00e9noncent-ils.<\/p>\n<p>Auteur: AFP<br \/>\n<a href=\"https:\/\/www.journalducameroun.com\/algerie-le-chef-de-larmee-met-en-garde-contre-une-destruction-des-fondements-de-letat\/\">Cliquez ici pour lire l&rsquo;article depuis sa source.<\/a><\/p>\n","protected":false},"excerpt":{"rendered":"<p>Toute transition hors du cadre constitutionnel, telle que r\u00e9clam\u00e9e par le mouvement de contestation en Alg\u00e9rie, conduira \u00e0 \u00ab\u00a0la destruction des fondements de l\u2019Etat\u00a0\u00bb, a averti mardi le chef d\u2019\u00e9tat-major de l\u2019arm\u00e9e, le g\u00e9n\u00e9ral Ahmed Ga\u00efd Salah. De fait v\u00e9ritable homme fort du pays depuis la d\u00e9mission du pr\u00e9sident Abdelaziz Bouteflika le 2 avril, le [&hellip;]<\/p>\n","protected":false},"author":1965,"featured_media":0,"comment_status":"closed","ping_status":"closed","sticky":false,"template":"","format":"standard","meta":{"fifu_image_url":"","fifu_image_alt":"","footnotes":""},"categories":[73,82],"tags":[],"class_list":["post-41405","post","type-post","status-publish","format-standard","hentry","category-actualite","category-cameroun"],"_links":{"self":[{"href":"https:\/\/linitiative.ca\/International\/wp-json\/wp\/v2\/posts\/41405","targetHints":{"allow":["GET"]}}],"collection":[{"href":"https:\/\/linitiative.ca\/International\/wp-json\/wp\/v2\/posts"}],"about":[{"href":"https:\/\/linitiative.ca\/International\/wp-json\/wp\/v2\/types\/post"}],"author":[{"embeddable":true,"href":"https:\/\/linitiative.ca\/International\/wp-json\/wp\/v2\/users\/1965"}],"replies":[{"embeddable":true,"href":"https:\/\/linitiative.ca\/International\/wp-json\/wp\/v2\/comments?post=41405"}],"version-history":[{"count":0,"href":"https:\/\/linitiative.ca\/International\/wp-json\/wp\/v2\/posts\/41405\/revisions"}],"wp:attachment":[{"href":"https:\/\/linitiative.ca\/International\/wp-json\/wp\/v2\/media?parent=41405"}],"wp:term":[{"taxonomy":"category","embeddable":true,"href":"https:\/\/linitiative.ca\/International\/wp-json\/wp\/v2\/categories?post=41405"},{"taxonomy":"post_tag","embeddable":true,"href":"https:\/\/linitiative.ca\/International\/wp-json\/wp\/v2\/tags?post=41405"}],"curies":[{"name":"wp","href":"https:\/\/api.w.org\/{rel}","templated":true}]}}