{"id":41406,"date":"2019-06-18T15:50:05","date_gmt":"2019-06-18T19:50:05","guid":{"rendered":"https:\/\/linitiative.ca\/International\/centre-du-mali-une-vingtaine-voire-une-quarantaine-de-morts-dans-de-nouvelles-attaques-2\/"},"modified":"2019-06-18T15:50:05","modified_gmt":"2019-06-18T19:50:05","slug":"centre-du-mali-une-vingtaine-voire-une-quarantaine-de-morts-dans-de-nouvelles-attaques-2","status":"publish","type":"post","link":"https:\/\/linitiative.ca\/International\/centre-du-mali-une-vingtaine-voire-une-quarantaine-de-morts-dans-de-nouvelles-attaques-2\/","title":{"rendered":"Centre du Mali: une vingtaine, voire une quarantaine de morts, dans de nouvelles attaques"},"content":{"rendered":"<div readability=\"32\">\n<p>Publi\u00e9 le 18.06.2019 \u00e0 20h50 par AFP<\/p>\n<\/div>\n<div readability=\"143\">\n<p>Une nouvelle tuerie dans des villages dogons a fait entre une vingtaine et une quarantaine de morts dans le centre du Mali, o\u00f9 le pr\u00e9sident Ibrahim Boubacar Ke\u00efta a r\u00e9cus\u00e9 il y a quelques jours toute notion de \u00ab\u00a0conflit interethnique\u00a0\u00bb.<\/p>\n<p>Depuis l\u2019apparition en 2015 dans la r\u00e9gion du groupe jihadiste du pr\u00e9dicateur Amadou Koufa, recrutant prioritairement parmi les Peuls, traditionnellement \u00e9leveurs, les affrontements se multiplient entre cette communaut\u00e9 et les ethnies bambara et dogon, pratiquant essentiellement l\u2019agriculture, qui ont cr\u00e9\u00e9 leurs \u00ab\u00a0groupes d\u2019autod\u00e9fense\u00a0\u00bb.<\/p>\n<p>Les violences, qui d\u00e9chirent cette r\u00e9gion depuis quatre ans, ont culmin\u00e9 avec le massacre le 23 mars, attribu\u00e9 \u00e0 des chasseurs dogons, de quelque 160 Peuls, dans le village d\u2019Ogossagou, pr\u00e8s de la fronti\u00e8re avec le Burkina Faso.<\/p>\n<p>Les villages dogons de Gangafani et de Yoro, pr\u00e8s de la fronti\u00e8re burkinab\u00e8, ont \u00e9t\u00e9 frapp\u00e9s lundi par des attaques, a annonc\u00e9 le procureur du p\u00f4le judiciaire sp\u00e9cialis\u00e9 de lutte contre le terrorisme, Boubacar Sidiki Samak\u00e9, \u00e9voquant un \u00ab\u00a0bilan provisoire de 14 morts\u00a0\u00bb.<\/p>\n<p>Le procureur a n\u00e9anmoins appel\u00e9 \u00e0 la prudence, \u00ab\u00a0pour \u00e9viter la pol\u00e9mique regrettable autour du bilan de Sobane Da\u00a0\u00bb. Il faisait r\u00e9f\u00e9rence \u00e0 un village dogon proche de Bandiagara, o\u00f9 une attaque le 9 juin a fait 35 morts, dont 24 enfants, alors qu\u2019un pr\u00e9c\u00e9dent bilan avait mentionn\u00e9 au moins 95 morts et 19 disparus.<\/p>\n<p>Une source militaire malienne a pour sa part cit\u00e9 un bilan de \u00ab\u00a040 civils tu\u00e9s\u00a0\u00bb lors de ces attaques \u00ab\u00a0dans les villages de Yoro et de Gangafani\u00a0\u00bb, des estimations confirm\u00e9es par des \u00e9lus locaux sous le couvert de l\u2019anonymat.<\/p>\n<p>\u00ab\u00a0Nous avons compt\u00e9 une dizaine de corps\u00a0\u00bb dans les deux villages, distants l\u2019un de l\u2019autre, a indiqu\u00e9 \u00e0 l\u2019AFP Goundjou Poudiougou, conseiller communal \u00e0 Dinagourou. Les auteurs de ces attaques \u00ab\u00a0sont des terroristes parce qu\u2019ils ont tu\u00e9 et \u00e9ventr\u00e9 certains corps et br\u00fbl\u00e9 des greniers. En quittant (le village) ils scandaient Allah akbar\u00a0\u00bb (Dieu est le plus grand, en arabe).<\/p>\n<p>Selon Adama Dionko, porte-parole du Collectif des associations du pays dogon, \u00ab\u00a0c\u2019\u00e9tait la m\u00eame chose qu\u2019\u00e0 Sobane Da: des personnes, des biens et des animaux cibl\u00e9s\u00a0\u00bb. \u00ab\u00a0Ce sont des terroristes, des criminels. Nous demandons \u00e0 l\u2019Etat plus de s\u00e9curit\u00e9. Au pr\u00e9sident IBK (Ibrahim Boubacar Ke\u00efta, NDLR) de respecter sa parole\u00a0\u00bb, a-t-il d\u00e9clar\u00e9 \u00e0 l\u2019AFP.<\/p>\n<p>\u2013 Milices communautaires \u2013<\/p>\n<p>Lors d\u2019un d\u00e9placement \u00e0 Sobane Da le 13 juin, le pr\u00e9sident malien a promis la confiscation des armes illicites dans la r\u00e9gion, mettant en garde les jeunes contre la tentation de \u00ab\u00a0s\u2019enr\u00f4ler dans une quelconque milice\u00a0\u00bb.<\/p>\n<p>\u00ab\u00a0Il n\u2019y a aucun conflit interethnique\u00a0\u00bb dans le centre du Mali, a-t-il assur\u00e9, \u00e9voquant \u00ab\u00a0une excroissance de ce que nous avons v\u00e9cu dans le Nord, et de ce que nous vivons encore dans le Nord\u00a0\u00bb.<\/p>\n<p>Le nord du Mali \u00e9tait tomb\u00e9 en 2012 sous la coupe de groupes jihadistes, en grande partie dispers\u00e9s par une intervention militaire lanc\u00e9e en janvier 2013 \u00e0 l\u2019initiative de la France, qui se poursuit.<\/p>\n<p>Selon Ibrahim Yahaya Ibrahim, analyste sur le Sahel \u00e0 l\u2019International Crisis Group (ICG), le pr\u00e9sident malien \u00ab\u00a0a raison de souligner qu\u2019il n\u2019y a pas de conflit interethnique\u00a0\u00bb. \u00ab\u00a0Ni les Dogons, ni les Peuls n\u2019ont donn\u00e9 mandat \u00e0 ces groupes arm\u00e9s qui agissent en leur nom\u00a0\u00bb, a-t-il expliqu\u00e9 \u00e0 l\u2019AFP. \u00ab\u00a0Cependant le risque qu\u2019on en vienne \u00e0 une guerre civile interethnique est \u00e0 prendre au s\u00e9rieux et des mesures urgentes doivent \u00eatre prises pour l\u2019enrayer. Plus les attaques contre les civils se multiplient, plus on constate un ralliement des communaut\u00e9s autour des milices qui pr\u00e9tendent les prot\u00e9ger\u00a0\u00bb.<\/p>\n<p>Malgr\u00e9 la signature en 2015 d\u2019un accord de paix cens\u00e9 isoler d\u00e9finitivement les jihadistes dans le nord du Mali, des zones enti\u00e8res du pays \u00e9chappent au contr\u00f4le des forces maliennes, fran\u00e7aises et de l\u2019ONU.<\/p>\n<p>Depuis 2015, ces violences se sont propag\u00e9es du Nord vers le centre, voire parfois le Sud, se m\u00ealant tr\u00e8s souvent \u00e0 des conflits intercommunautaires, un ph\u00e9nom\u00e8ne que connaissent \u00e9galement le Burkina Faso et le Niger voisins.<\/p>\n<\/div>\n<p>Auteur: AFP<br \/>\n<a href=\"https:\/\/www.journalducameroun.com\/centre-du-mali-une-vingtaine-voire-une-quarantaine-de-morts-dans-de-nouvelles-attaques-2\/\">Cliquez ici pour lire l&rsquo;article depuis sa source.<\/a><\/p>\n","protected":false},"excerpt":{"rendered":"<p>Publi\u00e9 le 18.06.2019 \u00e0 20h50 par AFP Une nouvelle tuerie dans des villages dogons a fait entre une vingtaine et une quarantaine de morts dans le centre du Mali, o\u00f9 le pr\u00e9sident Ibrahim Boubacar Ke\u00efta a r\u00e9cus\u00e9 il y a quelques jours toute notion de \u00ab\u00a0conflit interethnique\u00a0\u00bb. Depuis l\u2019apparition en 2015 dans la r\u00e9gion du [&hellip;]<\/p>\n","protected":false},"author":1965,"featured_media":0,"comment_status":"closed","ping_status":"closed","sticky":false,"template":"","format":"standard","meta":{"fifu_image_url":"","fifu_image_alt":"","footnotes":""},"categories":[73,82],"tags":[],"class_list":["post-41406","post","type-post","status-publish","format-standard","hentry","category-actualite","category-cameroun"],"_links":{"self":[{"href":"https:\/\/linitiative.ca\/International\/wp-json\/wp\/v2\/posts\/41406","targetHints":{"allow":["GET"]}}],"collection":[{"href":"https:\/\/linitiative.ca\/International\/wp-json\/wp\/v2\/posts"}],"about":[{"href":"https:\/\/linitiative.ca\/International\/wp-json\/wp\/v2\/types\/post"}],"author":[{"embeddable":true,"href":"https:\/\/linitiative.ca\/International\/wp-json\/wp\/v2\/users\/1965"}],"replies":[{"embeddable":true,"href":"https:\/\/linitiative.ca\/International\/wp-json\/wp\/v2\/comments?post=41406"}],"version-history":[{"count":0,"href":"https:\/\/linitiative.ca\/International\/wp-json\/wp\/v2\/posts\/41406\/revisions"}],"wp:attachment":[{"href":"https:\/\/linitiative.ca\/International\/wp-json\/wp\/v2\/media?parent=41406"}],"wp:term":[{"taxonomy":"category","embeddable":true,"href":"https:\/\/linitiative.ca\/International\/wp-json\/wp\/v2\/categories?post=41406"},{"taxonomy":"post_tag","embeddable":true,"href":"https:\/\/linitiative.ca\/International\/wp-json\/wp\/v2\/tags?post=41406"}],"curies":[{"name":"wp","href":"https:\/\/api.w.org\/{rel}","templated":true}]}}