{"id":41407,"date":"2019-06-18T16:50:01","date_gmt":"2019-06-18T20:50:01","guid":{"rendered":"https:\/\/linitiative.ca\/International\/bissau-election-presidentielle-en-novembre\/"},"modified":"2019-06-18T16:50:01","modified_gmt":"2019-06-18T20:50:01","slug":"bissau-election-presidentielle-en-novembre","status":"publish","type":"post","link":"https:\/\/linitiative.ca\/International\/bissau-election-presidentielle-en-novembre\/","title":{"rendered":"Bissau: \u00e9lection pr\u00e9sidentielle en novembre"},"content":{"rendered":"<div readability=\"32\">\n<p>Publi\u00e9 le 18.06.2019 \u00e0 21h50 par AFP<\/p>\n<\/div>\n<div readability=\"89\">\n<p>Le pr\u00e9sident bissau-guin\u00e9en Jos\u00e9 Mario Vaz a fix\u00e9 mardi la date de l\u2019\u00e9lection pr\u00e9sidentielle au 24 novembre, selon un d\u00e9cret officiel publi\u00e9 \u00e0 la suite de consultations sur les moyens de sortir de la crise politique.<\/p>\n<p>Malgr\u00e9 le bon d\u00e9roulement des \u00e9lections l\u00e9gislatives du 10 mars, remport\u00e9es par le Parti africain pour l\u2019ind\u00e9pendance de la Guin\u00e9e et du Cap-Vert (PAIGC) dirig\u00e9 par Domingos Simoes Pereira, ce petit pays lusophone d\u2019Afrique de l\u2019Ouest peine \u00e0 sortir de la crise politique qu\u2019il traverse depuis ao\u00fbt 2015.<\/p>\n<p>\u00ab\u00a0Le 24 novembre 2019 est la date retenue pour l\u2019\u00e9lection pr\u00e9sidentielles\u00a0\u00bb, selon le d\u00e9cret publi\u00e9 apr\u00e8s des concertations entre le pr\u00e9sident Vaz, les 49 partis politiques l\u00e9galement inscrits dans le pays, le gouvernement et la Commission nationale des \u00e9lections (CNE).<\/p>\n<p>En mai, la CNE avait propos\u00e9 la date du 3 novembre pour le premier tour du scrutin pr\u00e9sidentiel qui doit se tenir cette ann\u00e9e, avec un \u00e9ventuel second tour le 8 d\u00e9cembre.<\/p>\n<p>L\u2019annonce officielle de cette date n\u2019a pas d\u00e9bloqu\u00e9 le contentieux autour de la composition du bureau de l\u2019Assembl\u00e9e nationale, o\u00f9 le PAIGC et ses alli\u00e9s contr\u00f4lent une majorit\u00e9 de 54 si\u00e8ges sur 102.<\/p>\n<p>Ce blocage contribue au retard persistant de la d\u00e9signation du Premier ministre, poste pour lequel la majorit\u00e9 parlementaire a propos\u00e9 M. Pereira.<\/p>\n<p>Le pr\u00e9sident Vaz a pourtant demand\u00e9 dans une lettre lundi \u00e0 M. Pereira que le PAIGC propose un nom.<\/p>\n<p>Le Madem, form\u00e9 par 15 d\u00e9put\u00e9s frondeurs du PAIGC, et le Parti pour la r\u00e9novation sociale (PRS) se partagent les 48 si\u00e8ges restants de l\u2019Assembl\u00e9e, respectivement 27 et 21.<\/p>\n<p>Depuis la reprise des travaux parlementaires le 18 avril, les d\u00e9bats achoppent sur le poste de deuxi\u00e8me vice-pr\u00e9sident de l\u2019Assembl\u00e9e, revendiqu\u00e9 par le Madem pour un de ses dirigeants, Braima Camara.<\/p>\n<p>La crise entre les deux hommes, pourtant issus du m\u00eame parti, a \u00e9clat\u00e9 en ao\u00fbt 2015 avec le limogeage par M. Vaz de M. Pereira, qui \u00e9tait alors son Premier ministre.<\/p>\n<p>Elle inqui\u00e8te d\u2019autant plus la communaut\u00e9 internationale que les \u00e9lections de 2014 avaient marqu\u00e9 un retour progressif \u00e0 l\u2019ordre dans ce pays secou\u00e9 par des tentatives de putsch \u00e0 r\u00e9p\u00e9tition.<\/p>\n<\/div>\n<p>Auteur: AFP<br \/>\n<a href=\"https:\/\/www.journalducameroun.com\/bissau-election-presidentielle-en-novembre\/\">Cliquez ici pour lire l&rsquo;article depuis sa source.<\/a><\/p>\n","protected":false},"excerpt":{"rendered":"<p>Publi\u00e9 le 18.06.2019 \u00e0 21h50 par AFP Le pr\u00e9sident bissau-guin\u00e9en Jos\u00e9 Mario Vaz a fix\u00e9 mardi la date de l\u2019\u00e9lection pr\u00e9sidentielle au 24 novembre, selon un d\u00e9cret officiel publi\u00e9 \u00e0 la suite de consultations sur les moyens de sortir de la crise politique. Malgr\u00e9 le bon d\u00e9roulement des \u00e9lections l\u00e9gislatives du 10 mars, remport\u00e9es par [&hellip;]<\/p>\n","protected":false},"author":1965,"featured_media":0,"comment_status":"closed","ping_status":"closed","sticky":false,"template":"","format":"standard","meta":{"fifu_image_url":"","fifu_image_alt":"","footnotes":""},"categories":[73,82],"tags":[],"class_list":["post-41407","post","type-post","status-publish","format-standard","hentry","category-actualite","category-cameroun"],"_links":{"self":[{"href":"https:\/\/linitiative.ca\/International\/wp-json\/wp\/v2\/posts\/41407","targetHints":{"allow":["GET"]}}],"collection":[{"href":"https:\/\/linitiative.ca\/International\/wp-json\/wp\/v2\/posts"}],"about":[{"href":"https:\/\/linitiative.ca\/International\/wp-json\/wp\/v2\/types\/post"}],"author":[{"embeddable":true,"href":"https:\/\/linitiative.ca\/International\/wp-json\/wp\/v2\/users\/1965"}],"replies":[{"embeddable":true,"href":"https:\/\/linitiative.ca\/International\/wp-json\/wp\/v2\/comments?post=41407"}],"version-history":[{"count":0,"href":"https:\/\/linitiative.ca\/International\/wp-json\/wp\/v2\/posts\/41407\/revisions"}],"wp:attachment":[{"href":"https:\/\/linitiative.ca\/International\/wp-json\/wp\/v2\/media?parent=41407"}],"wp:term":[{"taxonomy":"category","embeddable":true,"href":"https:\/\/linitiative.ca\/International\/wp-json\/wp\/v2\/categories?post=41407"},{"taxonomy":"post_tag","embeddable":true,"href":"https:\/\/linitiative.ca\/International\/wp-json\/wp\/v2\/tags?post=41407"}],"curies":[{"name":"wp","href":"https:\/\/api.w.org\/{rel}","templated":true}]}}