{"id":41408,"date":"2019-06-18T17:50:02","date_gmt":"2019-06-18T21:50:02","guid":{"rendered":"https:\/\/linitiative.ca\/International\/centre-du-mali-38-morts-et-de-nombreux-blesses-dans-une-attaque-contre-deux-villages\/"},"modified":"2019-06-18T17:50:02","modified_gmt":"2019-06-18T21:50:02","slug":"centre-du-mali-38-morts-et-de-nombreux-blesses-dans-une-attaque-contre-deux-villages","status":"publish","type":"post","link":"https:\/\/linitiative.ca\/International\/centre-du-mali-38-morts-et-de-nombreux-blesses-dans-une-attaque-contre-deux-villages\/","title":{"rendered":"Centre du Mali: \u00ab\u00a038 morts et de nombreux bless\u00e9s\u00a0\u00bb dans une attaque contre deux villages"},"content":{"rendered":"<div readability=\"32\">\n<p>Publi\u00e9 le 18.06.2019 \u00e0 22h50 par AFP<\/p>\n<\/div>\n<div readability=\"71\">\n<p>Une nouvelle tuerie dans le centre du Mali a fait \u00ab\u00a038 morts et de nombreux bless\u00e9s\u00a0\u00bb, a indiqu\u00e9 mardi soir le gouvernement malien, selon un bilan encore provisoire, alors qu\u2019une embuscade contre une patrouille de l\u2019arm\u00e9e plus au nord a occasionn\u00e9 des \u00ab\u00a0pertes humaines et mat\u00e9rielles\u00a0\u00bb, selon les Forces arm\u00e9es maliennes.<\/p>\n<p>Des bilans ant\u00e9rieurs avaient \u00e9voqu\u00e9 entre une vingtaine et une quarantaine de morts lors de cette attaque survenue lundi dans deux villages dogons de cette r\u00e9gion du centre du pays, o\u00f9 un massacre commis dans village dogon proche de Bandiagara le 9 juin avait fait 35 morts, dont 24 enfants.<\/p>\n<p>\u00ab\u00a0Des attaques terroristes ont vis\u00e9 hier lundi 17 juin 2019, dans la soir\u00e9e, les localit\u00e9s de Gangafani et Yoro dans le cercle de Koro, non loin de la fronti\u00e8re avec le Burkina Faso. Le bilan provisoire officiel est de 38 morts et de nombreux bless\u00e9s\u00a0\u00bb, pr\u00e9cise le gouvernement dans un communiqu\u00e9 publi\u00e9 dans la soir\u00e9e.<\/p>\n<p>\u00ab\u00a0Des forces de d\u00e9fense et de s\u00e9curit\u00e9 a \u00e9t\u00e9 d\u00e9p\u00each\u00e9 sur les lieux pour s\u00e9curiser les populations et leurs biens et traquer les auteurs de ces attaques\u00a0\u00bb, selon le texte.<\/p>\n<p>\u00ab\u00a0Une patrouille des FAMa (Forces arm\u00e9es maliennes) est tomb\u00e9e dans une embuscade des terroristes \u00e0 Banguimalam, au sud-ouest de Gossi (nord). Des renforts ont \u00e9t\u00e9 d\u00e9p\u00each\u00e9s pour secourir les \u00e9l\u00e9ments victimes d\u2019attaque terroriste et s\u00e9curiser la zone\u00a0\u00bb, ajoute le communiqu\u00e9 du gouvernement.<\/p>\n<p>\u00ab\u00a0Les #FAMa sont tomb\u00e9es dans une embuscade dans la journ\u00e9e du mardi 18 juin 2019. C\u2019\u00e9tait dans la localit\u00e9 de #Gossi. Au cours de cet accrochage, les FAMa ont enregistr\u00e9 des pertes humaines et mat\u00e9rielles\u00a0\u00bb, ont confirm\u00e9 sur Twitter les Forces arm\u00e9es maliennes.<\/p>\n<\/div>\n<p>Auteur: AFP<br \/>\n<a href=\"https:\/\/www.journalducameroun.com\/centre-du-mali-38-morts-et-de-nombreux-blesses-dans-une-attaque-contre-deux-villages\/\">Cliquez ici pour lire l&rsquo;article depuis sa source.<\/a><\/p>\n","protected":false},"excerpt":{"rendered":"<p>Publi\u00e9 le 18.06.2019 \u00e0 22h50 par AFP Une nouvelle tuerie dans le centre du Mali a fait \u00ab\u00a038 morts et de nombreux bless\u00e9s\u00a0\u00bb, a indiqu\u00e9 mardi soir le gouvernement malien, selon un bilan encore provisoire, alors qu\u2019une embuscade contre une patrouille de l\u2019arm\u00e9e plus au nord a occasionn\u00e9 des \u00ab\u00a0pertes humaines et mat\u00e9rielles\u00a0\u00bb, selon les [&hellip;]<\/p>\n","protected":false},"author":1965,"featured_media":0,"comment_status":"closed","ping_status":"closed","sticky":false,"template":"","format":"standard","meta":{"fifu_image_url":"","fifu_image_alt":"","footnotes":""},"categories":[73,82],"tags":[],"class_list":["post-41408","post","type-post","status-publish","format-standard","hentry","category-actualite","category-cameroun"],"_links":{"self":[{"href":"https:\/\/linitiative.ca\/International\/wp-json\/wp\/v2\/posts\/41408","targetHints":{"allow":["GET"]}}],"collection":[{"href":"https:\/\/linitiative.ca\/International\/wp-json\/wp\/v2\/posts"}],"about":[{"href":"https:\/\/linitiative.ca\/International\/wp-json\/wp\/v2\/types\/post"}],"author":[{"embeddable":true,"href":"https:\/\/linitiative.ca\/International\/wp-json\/wp\/v2\/users\/1965"}],"replies":[{"embeddable":true,"href":"https:\/\/linitiative.ca\/International\/wp-json\/wp\/v2\/comments?post=41408"}],"version-history":[{"count":0,"href":"https:\/\/linitiative.ca\/International\/wp-json\/wp\/v2\/posts\/41408\/revisions"}],"wp:attachment":[{"href":"https:\/\/linitiative.ca\/International\/wp-json\/wp\/v2\/media?parent=41408"}],"wp:term":[{"taxonomy":"category","embeddable":true,"href":"https:\/\/linitiative.ca\/International\/wp-json\/wp\/v2\/categories?post=41408"},{"taxonomy":"post_tag","embeddable":true,"href":"https:\/\/linitiative.ca\/International\/wp-json\/wp\/v2\/tags?post=41408"}],"curies":[{"name":"wp","href":"https:\/\/api.w.org\/{rel}","templated":true}]}}