{"id":41423,"date":"2019-06-18T12:09:40","date_gmt":"2019-06-18T16:09:40","guid":{"rendered":"https:\/\/linitiative.ca\/International\/barrage-hydroelectrique-memveele-atterrit-dans-lescarcelle-de-edc\/"},"modified":"2019-06-18T12:09:40","modified_gmt":"2019-06-18T16:09:40","slug":"barrage-hydroelectrique-memveele-atterrit-dans-lescarcelle-de-edc","status":"publish","type":"post","link":"https:\/\/linitiative.ca\/International\/barrage-hydroelectrique-memveele-atterrit-dans-lescarcelle-de-edc\/","title":{"rendered":"Barrage hydro\u00e9lectrique : Memve\u2019ele atterrit dans l\u2019escarcelle  de EDC"},"content":{"rendered":"<p>L\u2019Unit\u00e9 op\u00e9rationnelle de l\u2019am\u00e9nagement hydro\u00e9lectrique de <strong>Memve\u2019ele<\/strong> est donc appel\u00e9 \u00e0 dispara\u00eetre. <u>La<\/u> gestion de ce barrage construit dans la r\u00e9gion du Sud reviendra d\u00e9sormais \u00e0 la soci\u00e9t\u00e9 de patrimoine <strong>Electricity Development Corporation<\/strong> (EDC). Un calendrier d\u2019insertion du projet Memve\u2019ele dans le patrimoine de EDC est m\u00eame d\u00e9j\u00e0\u00a0 \u00e9tabli. Dans une correspondance datant du 03 juin 2019 du ministre de l\u2019Eau et l\u2019Energie, <strong>Gaston Eloundouu Essomba<\/strong>, adress\u00e9e au directeur du projet Memve\u2019ele et dont <strong>Ecomatin<\/strong> a obtenu copie, l\u2019on peut lire que\u00a0:\u00a0\u00ab\u00a0<em>Faisant suite aux conclusions de la s\u00e9ance de travail qui s\u2019est tenue le 31 mai dans les Services du Premier ministre relative \u00e0 l\u2019objet repris en marge, j\u2019ai l\u2019honneur de vous demander de bien vouloir vous faire repr\u00e9senter par vos collaborateurs ayant une parfaite ma\u00eetrise du dossier, aux concertations qui se tiendront pour la p\u00e9riode allant du 10 au 14 juin 2019 \u00e0 15h00, dans la salle de r\u00e9union de mon cabinet, sise au 4<sup>\u00e8me<\/sup> \u00e9tage de l\u2019immeuble minist\u00e9riel, en vue de l\u2019\u00e9laboration de la note de cadrage m\u00e9thodologique assortie d\u2019un plan d\u2019action pour l\u2019insertion du projet Memve\u2019ele dans le patrimoine de la soci\u00e9t\u00e9 EDC<\/em>\u00bb.<\/p>\n<p>Cette correspondance du Minee donne \u00e9galement un calendrier pr\u00e9cis des activit\u00e9s li\u00e9es \u00e0 ce processus d\u2019insertion du barrage de Memve\u2019ele dans le portefeuille de EDC. Ainsi, le lundi 10 juin dernier\u00a0\u00e9tait consacr\u00e9 \u00e0 l\u2019\u00e9laboration de la m\u00e9thodologie de travail, pendant que le mardi 11 juin 2019\u00a0\u00e9tait r\u00e9serv\u00e9 \u00e0 l\u2019appropriation des actes juridiques et institutionnels (textes portant cr\u00e9ation de la Cellule op\u00e9rationnelle, contrats, convention de financement et de pr\u00eat). Quant au mercredi 12 juin 2019, il \u00e9tait question de \u00a0l\u2019appropriation des aspects techniques (ouvrages r\u00e9alis\u00e9s, en cours de construction et en cours d\u2019exploitation, op\u00e9ration de r\u00e9ception technique et administrative de l\u2019am\u00e9nagement). La journ\u00e9e du jeudi 13 juin 2019 devait \u00eatre r\u00e9serv\u00e9e \u00e0 l\u2019appropriation des aspects financiers et comptables (dettes, patrimoine, passif et actif du projet). Et enfin, le vendredi 14 juin 2019\u00a0\u00e9tait destin\u00e9 \u00e0 \u00a0l\u2019appropriation des aspects environnementaux et sociaux, gestion des cons\u00e9quences sociales (contrat de travail des employ\u00e9s de l\u2019Unit\u00e9 op\u00e9rationnelle). Le Minee, dans sa correspondance avait conclu en demandant au directeur du projet Memve\u2019ele de se \u00ab<em>munir de toute la documentation aff\u00e9rente \u00e0 cette op\u00e9ration, pour exploitation, ainsi que des \u00e9l\u00e9ments de contribution relatifs aux points susmentionn\u00e9s\u00a0<\/em>\u00bb.<\/p>\n<blockquote readability=\"12\">\n<p>Au mois de mai 2018, c\u2019est la tutelle technique de cette entreprise, le ministre de l\u2019Eau et de l\u2019Energie, <strong>Gaston Eloundou Essomba<\/strong>, qui servait une demande d\u2019explication, avec pour objet : \u00ab <em>Mauvaise gestion \u00e0 EDC\/Barrage de Lom Pangar<\/em><\/p>\n<\/blockquote>\n<p>Cette absorption du barrage de Memve\u2019ele par EDC intervient au moment o\u00f9 \u00e0 l\u2019Unit\u00e9 op\u00e9rationnelle de l\u2019am\u00e9nagement hydro\u00e9lectrique de Memve\u2019ele, on s\u2019y attendant le moins. Au-del\u00e0 de la livraison de cette infrastructure hydro\u00e9lectrique qui est encore attendue, l\u2019on envisageait m\u00eame d\u00e9j\u00e0 la phase Memve\u2019ele II, avec la construction annonc\u00e9e d\u2019un barrage de retenue. Cette insertion de Memve\u2019ele dans le portefeuille d\u2019EDC pose \u00e9galement le probl\u00e8me du sort qui sera r\u00e9serv\u00e9 aux employ\u00e9s de l\u2019Unit\u00e9 op\u00e9rationnelle de Memve\u2019ele, ceux-ci seront-ils tous revers\u00e9s \u00e0 EDC, ce qui n\u2019est pas garanti au regard des effectifs actuels d\u2019EDC, et surtout des difficult\u00e9s \u00e0 assurer le paiement r\u00e9gulier des salaires que connait actuellement cette soci\u00e9t\u00e9, notamment le climat social malsain avec des revendications du personnel qui y sont tr\u00e8s souvent enregistr\u00e9es. A la diff\u00e9rence donc <strong>d\u2019Hydro-Mekin<\/strong> qui g\u00e8re l\u2019\u00e9lectricit\u00e9 produite par le barrage de <strong>Mekin<\/strong>, l\u2019Unit\u00e9 op\u00e9rationnelle de Memve\u2019ele ne b\u00e9n\u00e9ficiera donc pas des m\u00eames dispositions. Toute chose qui \u00e9tait pour le moins pas souhait\u00e9e par ses responsables.<\/p>\n<p><strong>Une entreprise en eaux troubles<\/strong><\/p>\n<p>Un fait in\u00e9dit qui prouve \u00e0 suffisance du climat social qui r\u00e8gne \u00e0 Electricity Development Corporation (<strong>EDC<\/strong>). L\u2019entreprise qui aura d\u00e9sormais la charge de g\u00e9rer le barrage de Memver\u2019ele. Au mois de mai 2018, c\u2019est la tutelle technique de cette entreprise, le ministre de l\u2019Eau et de l\u2019Energie, <strong>Gaston Eloundou Essomba<\/strong>, qui servait une demande d\u2019explication, avec pour objet : \u00ab <em>Mauvaise gestion \u00e0 EDC\/Barrage de Lom Pangar<\/em> \u00bb. Cette demande d\u2019explication faisait suite aux nombreuses plaintes du Syndicat des travailleurs du secteur de d\u00e9veloppement des ouvrages de production, de transport et de r\u00e9gulation de l\u2019\u00e9lectricit\u00e9 (<strong>Syntdoptre<\/strong>). Dans cette correspondance du Minee adress\u00e9e \u00e0 <strong>Th\u00e9odore Nsangou<\/strong>, il \u00e9tait demand\u00e9 au DG de EDC de tenir un \u00ab <em>rapport circonstanci\u00e9<\/em> \u00bb sur six points principaux. Notamment, <em>\u00ab la situation critique du barrage [<strong>30 MW<\/strong>]<\/em> \u00bb, \u00ab <em>la situation sociale au sein de ladite entreprise<\/em> \u00bb, <em>\u00ab la mauvaise gestion comptable, financi\u00e8re et budg\u00e9taire [rapport 2015\/2016 du commissaire aux comptes]<\/em> \u00bb, \u00ab <em>le d\u00e9tournement du patrimoine de l\u2019entreprise [vente frauduleuse des v\u00e9hicules du projet]<\/em> \u00bb, \u00ab <em>la gestion des faux dipl\u00f4mes \u00bb et \u00ab les faux march\u00e9s |pose de la 1\u00e8re pierre par le chef de l\u2019Etat en 2012]<\/em> \u00bb.<\/p>\n<p>Avant cette sortie du MINEE, Gaston Essomba Eloundou, le Syntdoptre avait d\u00e9j\u00e0 menac\u00e9 r\u00e9guli\u00e8rement d\u2019entrer en gr\u00e8ve. Le 12 mars 2018, par exemple, les syndicalistes avait \u00e9crit au DG d\u2019EDC pour d\u00e9noncer le fait que la commission d\u2019avancements qui devrait si\u00e9ger chaque septembre de l\u2019ann\u00e9e, n\u2019a eu lieu que deux fois, en neuf ans. Selon ce syndicat, les \u00e9chelons automatiques du personnel de quatre ann\u00e9es d\u2019anciennet\u00e9 sont gel\u00e9s depuis la cr\u00e9ation d\u2019EDC. A cela s\u2019ajoutent les retenues sur salaires qui ne sont pas revers\u00e9es \u00e0 la <strong>Caisse nationale de pr\u00e9voyance sociale<\/strong> (CNPS<strong>)<\/strong>, soit plus de <strong>800 millions FCFA<\/strong> de dettes. Avec son corollaire de cons\u00e9quences sur la vie des travailleurs qui sont priv\u00e9s de pension de retraite depuis neuf ans, sans allocations familiales, pas de prise en charge pour les accident\u00e9s de travail, encore moins la prise en charge des femmes enceintes. Par ailleurs, le Syndicat r\u00e9clamait le paiement des arri\u00e9r\u00e9s de salaire des 24 cadres recrut\u00e9s en mai 2010 par le conseil d\u2019administration; le calcul des manques \u00e0 gagner du personnel \u00e9tait \u00e0 ce moment-l\u00e0 estim\u00e9 \u00e0 <strong>450 millions FCFA<\/strong>, etc.<\/p>\n<p><strong>Gestion financi\u00e8re peu orthodoxe<\/strong><\/p>\n<p>Outre la gestion jug\u00e9e du chaotique du personnel de EDC, il \u00e9tait \u00e9galement reproch\u00e9 \u00e0 Th\u00e9odore Nsagou, une gestion financi\u00e8re peu orthodoxe. Certaines sources indiquaient m\u00eame qu\u2019il serait attendu au Tribunal criminel sp\u00e9cial pour s\u2019expliquer sur la gestion de la soci\u00e9t\u00e9 dont il a la charge. Il pesait sur le DG de EDC, des soup\u00e7ons de malversations financi\u00e8res. Cette entreprise de patrimoine de l\u2019Etat du secteur de l\u2019\u00e9lectricit\u00e9 \u00e9tait, il y a peu, au centre d\u2019une importante crise sociale et financi\u00e8re avec des caisses vides. Les employ\u00e9s de EDC r\u00e9clamaient des arri\u00e9r\u00e9s de salaires et mena\u00e7aient d\u2019entrer en gr\u00e8ve. Certaines sources au sein de l\u2019entreprise renseignaient que le directeur g\u00e9n\u00e9ral aurait acquis deux v\u00e9hicules 4X4 au prix de <strong>198 000 000 F CFA<\/strong>, soit <strong>99 000 000 F CFA<\/strong> par v\u00e9hicule. Des faits sur lesquels <strong>Theodore Nsangou<\/strong> devrait s\u2019expliquer et justifier l\u2019effondrement de EDC qui aurait englouti des centaines de milliards de francs CFA. Les <strong>15 milliards<\/strong> <strong>de FCFA<\/strong> de capital social enti\u00e8rement lib\u00e9r\u00e9s par le minist\u00e8re des Finances auraient \u00e9t\u00e9 enti\u00e8rement consomm\u00e9s en 4 ans et le barrage de Lom pangar manquerait d\u00e9j\u00e0 du carburant. D\u2019o\u00f9, le r\u00e9cent appel de d\u00e9tresse du DG, Theodore Nsangou \u00e0 son pr\u00e9sident du conseil d\u2019administration (PCA), Mengot Arrey.<\/p>\n<p>En rappel, EDC est une entreprise publique camerounaise cr\u00e9\u00e9e en 2006, qui op\u00e8re dans le domaine de l\u2019\u00e9nergie \u00e9lectrique. Sa mission est d\u2019accro\u00eetre la production et la distribution de l\u2019\u00e9nergie \u00e9lectrique gr\u00e2ce au barrage de retenue d\u2019eau de Lom Pangar, dont il est le ma\u00eetre d\u2019ouvrage. Avec l\u2019insertion d\u00e9j\u00e0 engag\u00e9e du barrage de Memve\u2019ele, le portefeuille de cette entreprise va d\u00e9sormais s\u2019agrandir.<\/p>\n<div class=\"about-author about-author-box container-wrapper\">\n<div class=\"author-avatar\">\n<p><img decoding=\"async\" src=\"http:\/\/\" alt=\"\"\/><\/p>\n<\/div>\n<p><h4>La R\u00e9daction EcoMatin<\/h4>\n<\/p>\n<\/div>\n<div class=\"awac-wrapper awac widget blog_subscription-2\">\n<h4 class=\"widget-title\">Abonnez-vous \u00e0 notre lettre d&rsquo;information<\/h4>\n<\/div>\n<p>Auteur: EcoMatin<br \/>\n<a href=\"https:\/\/ecomatin.net\/barrage-hydroelectrique-memveele-atterrit-dans-lescarcelle-de-edc\/\">Cliquez ici pour lire l&rsquo;article depuis sa source.<\/a><\/p>\n","protected":false},"excerpt":{"rendered":"<p>L\u2019Unit\u00e9 op\u00e9rationnelle de l\u2019am\u00e9nagement hydro\u00e9lectrique de Memve\u2019ele est donc appel\u00e9 \u00e0 dispara\u00eetre. La gestion de ce barrage construit dans la r\u00e9gion du Sud reviendra d\u00e9sormais \u00e0 la soci\u00e9t\u00e9 de patrimoine Electricity Development Corporation (EDC). Un calendrier d\u2019insertion du projet Memve\u2019ele dans le patrimoine de EDC est m\u00eame d\u00e9j\u00e0\u00a0 \u00e9tabli. Dans une correspondance datant du 03 [&hellip;]<\/p>\n","protected":false},"author":1969,"featured_media":0,"comment_status":"closed","ping_status":"closed","sticky":false,"template":"","format":"standard","meta":{"fifu_image_url":"","fifu_image_alt":"","footnotes":""},"categories":[82,78],"tags":[],"class_list":["post-41423","post","type-post","status-publish","format-standard","hentry","category-cameroun","category-economie"],"_links":{"self":[{"href":"https:\/\/linitiative.ca\/International\/wp-json\/wp\/v2\/posts\/41423","targetHints":{"allow":["GET"]}}],"collection":[{"href":"https:\/\/linitiative.ca\/International\/wp-json\/wp\/v2\/posts"}],"about":[{"href":"https:\/\/linitiative.ca\/International\/wp-json\/wp\/v2\/types\/post"}],"author":[{"embeddable":true,"href":"https:\/\/linitiative.ca\/International\/wp-json\/wp\/v2\/users\/1969"}],"replies":[{"embeddable":true,"href":"https:\/\/linitiative.ca\/International\/wp-json\/wp\/v2\/comments?post=41423"}],"version-history":[{"count":0,"href":"https:\/\/linitiative.ca\/International\/wp-json\/wp\/v2\/posts\/41423\/revisions"}],"wp:attachment":[{"href":"https:\/\/linitiative.ca\/International\/wp-json\/wp\/v2\/media?parent=41423"}],"wp:term":[{"taxonomy":"category","embeddable":true,"href":"https:\/\/linitiative.ca\/International\/wp-json\/wp\/v2\/categories?post=41423"},{"taxonomy":"post_tag","embeddable":true,"href":"https:\/\/linitiative.ca\/International\/wp-json\/wp\/v2\/tags?post=41423"}],"curies":[{"name":"wp","href":"https:\/\/api.w.org\/{rel}","templated":true}]}}