{"id":41425,"date":"2019-06-19T09:00:45","date_gmt":"2019-06-19T13:00:45","guid":{"rendered":"https:\/\/linitiative.ca\/International\/vente-des-medicaments-dans-les-cliniques-privees-les-pharmaciens-des-etablissements-pharmaceutiques-dans-le-collimateur\/"},"modified":"2019-06-19T09:00:45","modified_gmt":"2019-06-19T13:00:45","slug":"vente-des-medicaments-dans-les-cliniques-privees-les-pharmaciens-des-etablissements-pharmaceutiques-dans-le-collimateur","status":"publish","type":"post","link":"https:\/\/linitiative.ca\/International\/vente-des-medicaments-dans-les-cliniques-privees-les-pharmaciens-des-etablissements-pharmaceutiques-dans-le-collimateur\/","title":{"rendered":"Vente des m\u00e9dicaments dans les cliniques priv\u00e9es : Les pharmaciens des \u00e9tablissements pharmaceutiques dans le collimateur"},"content":{"rendered":"<header>\n<\/header>\n<div class=\"entry-content clearfix\" readability=\"68\"><img decoding=\"async\" class=\"post_layout_5_img\" src=\"http:\/\/aujourdhui.ma\/wp-content\/uploads\/2019\/06\/Medicaments-sante.jpg?x29840\" alt=\"Vente des m\u00e9dicaments dans les cliniques priv\u00e9es : Les pharmaciens des \u00e9tablissements pharmaceutiques dans le collimateur\"\/><\/p>\n<p><span class=\"c4\"><strong>Le ministre de la sant\u00e9 s\u2019attaque aux pharmaciens responsables des \u00e9tablissements pharmaceutiques qui ne respectent pas la loi dans la vente des m\u00e9dicaments aux cliniques priv\u00e9es.<\/strong><\/span><span id=\"more-313217\"\/><\/p>\n<p>Le ministre a publi\u00e9 une circulaire dat\u00e9e du 17 juin 2019 en les appelant \u00e0 respecter les dispositions l\u00e9gislatives et r\u00e9glementaires relatives \u00e0 la vente des m\u00e9dicaments aux cliniques priv\u00e9es et aux \u00e9tablissements assimil\u00e9s. Ladite circulaire signale que \u00abdans le cadre de la surveillance et du suivi du secteur pharmaceutique au Maroc, il a \u00e9t\u00e9 port\u00e9 \u00e0 notre connaissance que certains \u00e9tablissements pharmaceutiques ne respectent pas la l\u00e9gislation et la r\u00e9glementation en vigueur en mati\u00e8re de vente des m\u00e9dicaments\u00bb.<\/p>\n<p>Dans sa circulaire, le ministre \u00e9num\u00e8re plusieurs dysfonctionnements, \u00e0 savoir la vente des m\u00e9dicaments aux cliniques avec vignette prix public de vente (PPV) ; les remises sur les prix h\u00f4pitaux pour les m\u00e9dicaments destin\u00e9s aux cliniques et aux \u00e9tablissements assimil\u00e9s. Parmi les autres infractions \u00e9nonc\u00e9es figure la d\u00e9livrance d\u2019unit\u00e9 gratuite dans le cadre de la vente des m\u00e9dicaments aux cliniques, la soumission aux appels d\u2019offres des cliniques ainsi que la non disponibilit\u00e9 des m\u00e9dicaments vignett\u00e9s aux prix hospitaliers (PH) au niveau des \u00e9tablissements assimil\u00e9s.<\/p>\n<p>Toutes ces pratiques d\u00e9rogent aux dispositions de la loi 17-04 portant code du m\u00e9dicament et de la pharmacie, notamment au niveau des articles 72 et 73. Rappelons \u00e0 ce sujet que l\u2019article 72 stipule clairement que les cliniques et \u00e9tablissements assimil\u00e9s doivent s\u2019approvisionner directement aupr\u00e8s des \u00e9tablissements pharmaceutiques industriels et des \u00e9tablissements pharmaceutiques grossistes r\u00e9partiteurs aux prix hospitaliers. Ces \u00e9tablissements doivent c\u00e9der les m\u00e9dicaments livr\u00e9s aux prix hospitaliers. Pour sa part l\u2019article 73 pr\u00e9cise qu\u2019il est interdit de dispenser des m\u00e9dicaments ou des produits pharmaceutiques non m\u00e9dicamenteux \u00e0 titre gratuit ou on\u00e9reux pour des soins en dehors des cliniques et des \u00e9tablissements assimil\u00e9s.<\/p>\n<p>A noter que l\u2019article 3 de la loi n 131-08 \u00e9dictant les mesures de protection du consommateur dispose dans son 2\u00e8me alin\u00e9a que tout fournisseur doit par voie de marquage, \u00e9tiquetage, d\u2019affichage, informer le consommateur sur les prix des produits et biens et tarifs de services et lui fournir le mode d\u2019emploi et le manuel d\u2019utilisation. Et par cons\u00e9quent, les m\u00e9dicaments administr\u00e9s aux patients au sein des cliniques doivent \u00eatre vignett\u00e9s aux prix hospitaliers.<\/p>\n<p>Conform\u00e9ment \u00e0 la r\u00e9glementation en vigueur, les \u00e9tablissements pharmaceutiques industriels doivent facturer les m\u00e9dicaments destin\u00e9s aux cliniques et aux \u00e9tablissements assimil\u00e9s au prix hospitalier (PH). Les grossistes-r\u00e9partiteurs doivent \u00e9galement facturer les m\u00e9dicaments destin\u00e9s aux cliniques aux prix hospitaliers. Les bo\u00eetes des m\u00e9dicaments destin\u00e9es aux cliniques et aux \u00e9tablissements assimil\u00e9s doivent \u00eatre vignet\u00e9es aux prix hospitaliers.<\/p>\n<\/div>\n<p>Auteur: ALM<br \/>\n<a href=\"http:\/\/aujourdhui.ma\/societe\/vente-des-medicaments-dans-les-cliniques-privees-les-pharmaciens-des-etablissements-pharmaceutiques-dans-le-collimateur\">Cliquez ici pour lire l&rsquo;article depuis sa source.<\/a><\/p>\n","protected":false},"excerpt":{"rendered":"<p>Le ministre de la sant\u00e9 s\u2019attaque aux pharmaciens responsables des \u00e9tablissements pharmaceutiques qui ne respectent pas la loi dans la vente des m\u00e9dicaments aux cliniques priv\u00e9es. Le ministre a publi\u00e9 une circulaire dat\u00e9e du 17 juin 2019 en les appelant \u00e0 respecter les dispositions l\u00e9gislatives et r\u00e9glementaires relatives \u00e0 la vente des m\u00e9dicaments aux cliniques [&hellip;]<\/p>\n","protected":false},"author":1759,"featured_media":0,"comment_status":"closed","ping_status":"closed","sticky":false,"template":"","format":"standard","meta":{"fifu_image_url":"","fifu_image_alt":"","footnotes":""},"categories":[73,54],"tags":[],"class_list":["post-41425","post","type-post","status-publish","format-standard","hentry","category-actualite","category-maroc"],"_links":{"self":[{"href":"https:\/\/linitiative.ca\/International\/wp-json\/wp\/v2\/posts\/41425","targetHints":{"allow":["GET"]}}],"collection":[{"href":"https:\/\/linitiative.ca\/International\/wp-json\/wp\/v2\/posts"}],"about":[{"href":"https:\/\/linitiative.ca\/International\/wp-json\/wp\/v2\/types\/post"}],"author":[{"embeddable":true,"href":"https:\/\/linitiative.ca\/International\/wp-json\/wp\/v2\/users\/1759"}],"replies":[{"embeddable":true,"href":"https:\/\/linitiative.ca\/International\/wp-json\/wp\/v2\/comments?post=41425"}],"version-history":[{"count":0,"href":"https:\/\/linitiative.ca\/International\/wp-json\/wp\/v2\/posts\/41425\/revisions"}],"wp:attachment":[{"href":"https:\/\/linitiative.ca\/International\/wp-json\/wp\/v2\/media?parent=41425"}],"wp:term":[{"taxonomy":"category","embeddable":true,"href":"https:\/\/linitiative.ca\/International\/wp-json\/wp\/v2\/categories?post=41425"},{"taxonomy":"post_tag","embeddable":true,"href":"https:\/\/linitiative.ca\/International\/wp-json\/wp\/v2\/tags?post=41425"}],"curies":[{"name":"wp","href":"https:\/\/api.w.org\/{rel}","templated":true}]}}