{"id":41427,"date":"2019-06-19T09:10:57","date_gmt":"2019-06-19T13:10:57","guid":{"rendered":"https:\/\/linitiative.ca\/International\/poids-lourds-le-garagiste-accm-simplante-a-casablanca\/"},"modified":"2019-06-19T09:10:57","modified_gmt":"2019-06-19T13:10:57","slug":"poids-lourds-le-garagiste-accm-simplante-a-casablanca","status":"publish","type":"post","link":"https:\/\/linitiative.ca\/International\/poids-lourds-le-garagiste-accm-simplante-a-casablanca\/","title":{"rendered":"Poids lourds : Le garagiste ACCM s\u2019implante \u00e0 Casablanca"},"content":{"rendered":"<p><img decoding=\"async\" class=\"post_layout_5_img\" src=\"http:\/\/aujourdhui.ma\/wp-content\/uploads\/2019\/06\/Poids-lourds-Le-garagiste-ACCM.jpg?x29840\" alt=\"Poids lourds : Le garagiste ACCM s\u2019implante \u00e0 Casablanca\"\/><\/p>\n<p><span class=\"c4\"><strong>Le 1er concept garage agr\u00e9\u00e9 au Maroc, ACCM, vient de voir le jour \u00e0 Casablanca. Ce concept innovant, sp\u00e9cialement destin\u00e9 aux poids lourds, a \u00e9t\u00e9 lanc\u00e9, selon les initiateurs, \u00absuite \u00e0 une forte demande en mati\u00e8re d\u2019expertise concernant ce type de v\u00e9hicule, id\u00e9alement renforc\u00e9e par un solide partenariat avec le secteur de l\u2019assurance\u00bb.<\/strong><\/span><\/p>\n<p>Cette implantation est \u00e9galement le fruit d\u2019une strat\u00e9gie visionnaire dans un secteur en perp\u00e9tuel renouveau. Selon la m\u00eame source, ACCM dispose \u00e9galement d\u2019un soutien d\u2019envergure. Il s\u2019agit de la confiance mutuelle avec son partenaire ACG \u00abAuto &#038; Car Glass\u00bb, cha\u00eene de garages agr\u00e9\u00e9e par les assurances pour la r\u00e9paration des pare-brises et vitrages.<\/p>\n<p>Disposant d\u2019un espace de travail de 1.700 m\u00b2, le garage agr\u00e9\u00e9 ACCM se distingue par son importante superficie mais \u00e9galement par l\u2019expertise de ses techniciens. Un large \u00e9ventail de services a \u00e9t\u00e9 \u00e9labor\u00e9 avec le plus grand soin dans le but de faire de ce centre une r\u00e9f\u00e9rence nationale en mati\u00e8re de v\u00e9hicules poids lourds.<\/p>\n<p>Pour information, toutes les interventions sont effectu\u00e9es en concertation avec les clients. L\u2019\u00e9quipement disponible a \u00e9t\u00e9 pens\u00e9 de mani\u00e8re \u00e0 pouvoir prodiguer la quasi-totalit\u00e9 des op\u00e9rations n\u00e9cessaires \u00e0 la remise en \u00e9tat des v\u00e9hicules confi\u00e9s au savoir-faire d\u2019ACCM.<br \/>Le garage dispose de nombreux moyens techniques, parmi lesquels une cabine de pr\u00e9paration dot\u00e9e d\u2019un four de 15 m\u00e8tres, un pont roulant d\u2019une capacit\u00e9 de 5 tonnes, une \u00e9querre de redressage ainsi qu\u2019une fosse de 15 m\u00e8tres, pour ne citer que ceux-ci.<\/p>\n<p>Les techniciens du centre sont parfaitement form\u00e9s aux diff\u00e9rents m\u00e9tiers de la carrosserie, ce qui leur permet d\u2019intervenir sur toutes les marques et mod\u00e8les de poids lourds. Ciblant un large parc de v\u00e9hicules poids lourds n\u00e9cessitant ses services, le garage agr\u00e9\u00e9 ACCM a n\u00e9cessit\u00e9 un investissement de pr\u00e8s de 3,5 millions de dirhams. Trois autres villes devraient voir l\u2019installation d\u2019un centre en tous points identique \u00e0 l\u2019horizon 2022.<\/p>\n<p>Auteur: ALM<br \/>\n<a href=\"http:\/\/aujourdhui.ma\/automobile\/poids-lourds-le-garagiste-accm-simplante-a-casablanca\">Cliquez ici pour lire l&rsquo;article depuis sa source.<\/a><\/p>\n","protected":false},"excerpt":{"rendered":"<p>Le 1er concept garage agr\u00e9\u00e9 au Maroc, ACCM, vient de voir le jour \u00e0 Casablanca. Ce concept innovant, sp\u00e9cialement destin\u00e9 aux poids lourds, a \u00e9t\u00e9 lanc\u00e9, selon les initiateurs, \u00absuite \u00e0 une forte demande en mati\u00e8re d\u2019expertise concernant ce type de v\u00e9hicule, id\u00e9alement renforc\u00e9e par un solide partenariat avec le secteur de l\u2019assurance\u00bb. Cette implantation [&hellip;]<\/p>\n","protected":false},"author":1759,"featured_media":0,"comment_status":"closed","ping_status":"closed","sticky":false,"template":"","format":"standard","meta":{"fifu_image_url":"","fifu_image_alt":"","footnotes":""},"categories":[73,54],"tags":[],"class_list":["post-41427","post","type-post","status-publish","format-standard","hentry","category-actualite","category-maroc"],"_links":{"self":[{"href":"https:\/\/linitiative.ca\/International\/wp-json\/wp\/v2\/posts\/41427","targetHints":{"allow":["GET"]}}],"collection":[{"href":"https:\/\/linitiative.ca\/International\/wp-json\/wp\/v2\/posts"}],"about":[{"href":"https:\/\/linitiative.ca\/International\/wp-json\/wp\/v2\/types\/post"}],"author":[{"embeddable":true,"href":"https:\/\/linitiative.ca\/International\/wp-json\/wp\/v2\/users\/1759"}],"replies":[{"embeddable":true,"href":"https:\/\/linitiative.ca\/International\/wp-json\/wp\/v2\/comments?post=41427"}],"version-history":[{"count":0,"href":"https:\/\/linitiative.ca\/International\/wp-json\/wp\/v2\/posts\/41427\/revisions"}],"wp:attachment":[{"href":"https:\/\/linitiative.ca\/International\/wp-json\/wp\/v2\/media?parent=41427"}],"wp:term":[{"taxonomy":"category","embeddable":true,"href":"https:\/\/linitiative.ca\/International\/wp-json\/wp\/v2\/categories?post=41427"},{"taxonomy":"post_tag","embeddable":true,"href":"https:\/\/linitiative.ca\/International\/wp-json\/wp\/v2\/tags?post=41427"}],"curies":[{"name":"wp","href":"https:\/\/api.w.org\/{rel}","templated":true}]}}