{"id":41430,"date":"2019-06-19T10:40:28","date_gmt":"2019-06-19T14:40:28","guid":{"rendered":"https:\/\/linitiative.ca\/International\/valeurs-humaines-exposition-de-soly-cisse-a-la-galerie-38-de-casablanca\/"},"modified":"2019-06-19T10:40:28","modified_gmt":"2019-06-19T14:40:28","slug":"valeurs-humaines-exposition-de-soly-cisse-a-la-galerie-38-de-casablanca","status":"publish","type":"post","link":"https:\/\/linitiative.ca\/International\/valeurs-humaines-exposition-de-soly-cisse-a-la-galerie-38-de-casablanca\/","title":{"rendered":"\u00abValeurs humaines \u00bb, exposition de Soly Ciss\u00e9 \u00e0 la Galerie 38 de Casablanca"},"content":{"rendered":"<header>\n<div class=\"entry-post-meta\">\n<div class=\"author-link\">Publi\u00e9 par <a itemprop=\"author\" itemscope=\"\" itemtype=\"https:\/\/schema.org\/Person\" href=\"http:\/\/aujourdhui.ma\/profile\/kaid\" rel=\"author\"><span itemprop=\"name\">ALM<\/span><\/a><\/div>\n<p>Date\u00a0:<time content=\"2019-06-19T15:40:28+00:00\" class=\"entry-date updated\" datetime=\"2019-06-19T15:40:28+00:00\">juin 19, 2019<\/time><\/p>\n<div class=\"entry-cat\">dans:<a href=\"http:\/\/aujourdhui.ma\/category\/culture\" rel=\"category tag\">Culture<\/a><\/div>\n<p>0 Vues<\/p>\n<\/div>\n<\/header>\n<div class=\"entry-content clearfix\" readability=\"58\"><img decoding=\"async\" class=\"post_layout_5_img\" src=\"http:\/\/aujourdhui.ma\/wp-content\/uploads\/2019\/06\/Soly-Ciss%C3%A9-%C3%A0-La-Galerie-38.jpg?x29840\" alt=\"\u00abValeurs humaines \u00bb, exposition de Soly Ciss\u00e9 \u00e0 la Galerie 38 de Casablanca\"\/><\/p>\n<p><span class=\"c4\"><strong>Soly Ciss\u00e9, figure embl\u00e9matique de la sc\u00e8ne artistique africaine et mondiale, pr\u00e9sente son exposition \u00abValeurs humaines\u00bb, \u00e0 partir du jeudi 20 juin \u00e0 La Galerie 38 de Casablanca.<\/strong><\/span><span id=\"more-313251\"\/><\/p>\n<p>Peintre, sculpteur, vid\u00e9aste et sc\u00e9nographe, Soly Ciss\u00e9, n\u00e9 en 1969 \u00e0 Dakar, se passionne d\u00e8s sa jeune enfance pour l\u2019art. Tr\u00e8s t\u00f4t, il s\u2019amuse \u00e0 dessiner sur les clich\u00e9s radiographiques que son p\u00e8re, m\u00e9decin, ramenait \u00e0 la maison.<\/p>\n<p>Aujourd\u2019hui, Soly Ciss\u00e9 est toujours fascine\u0301 par les transparences, la lumi\u00e8re s\u2019imposant sur l\u2019obscurit\u00e9, l\u2019essence des couleurs. Lorsqu\u2019il peint, son outil r\u00e9v\u00e8le une sc\u00e8ne, apporte la lumi\u00e8re sur une histoire, et lib\u00e8re les personnages prisonniers du fond noir.<\/p>\n<\/div>\n<p>Auteur: ALM<br \/>\n<a href=\"http:\/\/aujourdhui.ma\/culture\/valeurs-humaines-exposition-de-soly-cisse-a-la-galerie-38-de-casablanca\">Cliquez ici pour lire l&rsquo;article depuis sa source.<\/a><\/p>\n","protected":false},"excerpt":{"rendered":"<p>Publi\u00e9 par ALM Date\u00a0:juin 19, 2019 dans:Culture 0 Vues Soly Ciss\u00e9, figure embl\u00e9matique de la sc\u00e8ne artistique africaine et mondiale, pr\u00e9sente son exposition \u00abValeurs humaines\u00bb, \u00e0 partir du jeudi 20 juin \u00e0 La Galerie 38 de Casablanca. Peintre, sculpteur, vid\u00e9aste et sc\u00e9nographe, Soly Ciss\u00e9, n\u00e9 en 1969 \u00e0 Dakar, se passionne d\u00e8s sa jeune enfance [&hellip;]<\/p>\n","protected":false},"author":1759,"featured_media":0,"comment_status":"closed","ping_status":"closed","sticky":false,"template":"","format":"standard","meta":{"fifu_image_url":"","fifu_image_alt":"","footnotes":""},"categories":[73,54],"tags":[],"class_list":["post-41430","post","type-post","status-publish","format-standard","hentry","category-actualite","category-maroc"],"_links":{"self":[{"href":"https:\/\/linitiative.ca\/International\/wp-json\/wp\/v2\/posts\/41430","targetHints":{"allow":["GET"]}}],"collection":[{"href":"https:\/\/linitiative.ca\/International\/wp-json\/wp\/v2\/posts"}],"about":[{"href":"https:\/\/linitiative.ca\/International\/wp-json\/wp\/v2\/types\/post"}],"author":[{"embeddable":true,"href":"https:\/\/linitiative.ca\/International\/wp-json\/wp\/v2\/users\/1759"}],"replies":[{"embeddable":true,"href":"https:\/\/linitiative.ca\/International\/wp-json\/wp\/v2\/comments?post=41430"}],"version-history":[{"count":0,"href":"https:\/\/linitiative.ca\/International\/wp-json\/wp\/v2\/posts\/41430\/revisions"}],"wp:attachment":[{"href":"https:\/\/linitiative.ca\/International\/wp-json\/wp\/v2\/media?parent=41430"}],"wp:term":[{"taxonomy":"category","embeddable":true,"href":"https:\/\/linitiative.ca\/International\/wp-json\/wp\/v2\/categories?post=41430"},{"taxonomy":"post_tag","embeddable":true,"href":"https:\/\/linitiative.ca\/International\/wp-json\/wp\/v2\/tags?post=41430"}],"curies":[{"name":"wp","href":"https:\/\/api.w.org\/{rel}","templated":true}]}}