{"id":41431,"date":"2019-06-19T10:41:32","date_gmt":"2019-06-19T14:41:32","guid":{"rendered":"https:\/\/linitiative.ca\/International\/jossour-se-produira-a-lif-de-marrakech\/"},"modified":"2019-06-19T10:41:32","modified_gmt":"2019-06-19T14:41:32","slug":"jossour-se-produira-a-lif-de-marrakech","status":"publish","type":"post","link":"https:\/\/linitiative.ca\/International\/jossour-se-produira-a-lif-de-marrakech\/","title":{"rendered":"Jossour se produira \u00e0 l\u2019IF de Marrakech"},"content":{"rendered":"<header>\n<div class=\"entry-post-meta\">\n<div class=\"author-link\">Publi\u00e9 par <a itemprop=\"author\" itemscope=\"\" itemtype=\"https:\/\/schema.org\/Person\" href=\"http:\/\/aujourdhui.ma\/profile\/kaid\" rel=\"author\"><span itemprop=\"name\">ALM<\/span><\/a><\/div>\n<p>Date\u00a0:<time content=\"2019-06-19T15:41:32+00:00\" class=\"entry-date updated\" datetime=\"2019-06-19T15:41:32+00:00\">juin 19, 2019<\/time><\/p>\n<div class=\"entry-cat\">dans:<a href=\"http:\/\/aujourdhui.ma\/category\/culture\/musique\" rel=\"category tag\">Musique<\/a><\/div>\n<p>4Vues<\/p>\n<\/div>\n<\/header>\n<div class=\"entry-content clearfix\" readability=\"47\"><img decoding=\"async\" class=\"post_layout_5_img\" src=\"http:\/\/aujourdhui.ma\/wp-content\/uploads\/2019\/06\/Jossour.jpg?x29840\" alt=\"Jossour se produira \u00e0 l\u2019IF de Marrakech\"\/><\/p>\n<p><span class=\"c4\"><strong>L\u2019ensemble musical Jossour organisera vendredi prochain, \u00e0 l\u2019Institut fran\u00e7ais de Marrakech, un concert \u00e0 l\u2019occasion de la F\u00eate de la musique.<\/strong><\/span><span id=\"more-313252\"\/><\/p>\n<p>L\u2019ensemble Jossour invite ainsi le public \u00e0 un voyage \u00e0 travers le temps et l\u2019espace, du Maghreb vers l\u2019Orient, aux sons de m\u00e9lodies harmonis\u00e9es, instrumentales et vocales.<\/p>\n<p>Ce concert sera une occasion pour c\u00e9l\u00e9brer la musique dans le partage et la communion chaleureuse de ce premier jour d\u2019\u00e9t\u00e9. L\u2019ensemble Jossour s\u2019est fix\u00e9 comme objectif la valorisation du patrimoine musical arabe et maroco-andalou. Depuis sa cr\u00e9ation en 2005, Jossour a donn\u00e9 de nombreux spectacles publics au Maroc et \u00e0 l\u2019\u00e9tranger.<\/p>\n<\/div>\n<p>Auteur: ALM<br \/>\n<a href=\"http:\/\/aujourdhui.ma\/culture\/musique\/jossour-se-produira-a-lif-de-marrakech\">Cliquez ici pour lire l&rsquo;article depuis sa source.<\/a><\/p>\n","protected":false},"excerpt":{"rendered":"<p>Publi\u00e9 par ALM Date\u00a0:juin 19, 2019 dans:Musique 4Vues L\u2019ensemble musical Jossour organisera vendredi prochain, \u00e0 l\u2019Institut fran\u00e7ais de Marrakech, un concert \u00e0 l\u2019occasion de la F\u00eate de la musique. L\u2019ensemble Jossour invite ainsi le public \u00e0 un voyage \u00e0 travers le temps et l\u2019espace, du Maghreb vers l\u2019Orient, aux sons de m\u00e9lodies harmonis\u00e9es, instrumentales et [&hellip;]<\/p>\n","protected":false},"author":1759,"featured_media":0,"comment_status":"closed","ping_status":"closed","sticky":false,"template":"","format":"standard","meta":{"fifu_image_url":"","fifu_image_alt":"","footnotes":""},"categories":[73,54],"tags":[],"class_list":["post-41431","post","type-post","status-publish","format-standard","hentry","category-actualite","category-maroc"],"_links":{"self":[{"href":"https:\/\/linitiative.ca\/International\/wp-json\/wp\/v2\/posts\/41431","targetHints":{"allow":["GET"]}}],"collection":[{"href":"https:\/\/linitiative.ca\/International\/wp-json\/wp\/v2\/posts"}],"about":[{"href":"https:\/\/linitiative.ca\/International\/wp-json\/wp\/v2\/types\/post"}],"author":[{"embeddable":true,"href":"https:\/\/linitiative.ca\/International\/wp-json\/wp\/v2\/users\/1759"}],"replies":[{"embeddable":true,"href":"https:\/\/linitiative.ca\/International\/wp-json\/wp\/v2\/comments?post=41431"}],"version-history":[{"count":0,"href":"https:\/\/linitiative.ca\/International\/wp-json\/wp\/v2\/posts\/41431\/revisions"}],"wp:attachment":[{"href":"https:\/\/linitiative.ca\/International\/wp-json\/wp\/v2\/media?parent=41431"}],"wp:term":[{"taxonomy":"category","embeddable":true,"href":"https:\/\/linitiative.ca\/International\/wp-json\/wp\/v2\/categories?post=41431"},{"taxonomy":"post_tag","embeddable":true,"href":"https:\/\/linitiative.ca\/International\/wp-json\/wp\/v2\/tags?post=41431"}],"curies":[{"name":"wp","href":"https:\/\/api.w.org\/{rel}","templated":true}]}}