{"id":41435,"date":"2019-06-19T05:58:14","date_gmt":"2019-06-19T09:58:14","guid":{"rendered":"https:\/\/linitiative.ca\/International\/omar-al-bachir-devant-la-justice\/"},"modified":"2019-06-19T05:58:14","modified_gmt":"2019-06-19T09:58:14","slug":"omar-al-bachir-devant-la-justice","status":"publish","type":"post","link":"https:\/\/linitiative.ca\/International\/omar-al-bachir-devant-la-justice\/","title":{"rendered":"Omar Al Bachir devant la justice\u2026"},"content":{"rendered":"<p class=\"c4\"><strong><span class=\"c3\"><span class=\"c2\">D<\/span>estitu\u00e9 par l\u2019arm\u00e9e le 11 Avril dernier sous la pression de la rue et apr\u00e8s un vaste mouvement de contestation d\u00e9clench\u00e9 par le triplement du prix du pain dans un pays \u00e0 l\u2019\u00e9conomie exsangue, l\u2019ancien g\u00e9n\u00e9ral Omar El B\u00e9chir, qui a pr\u00e9sid\u00e9 aux destin\u00e9es du Soudan durant 30 ans apr\u00e8s avoir \u00e9t\u00e9 port\u00e9 au pouvoir par un coup d\u2019Etat, a \u00e9t\u00e9 appel\u00e9 \u00e0 compara\u00eetre, devant la justice de son pays, pour r\u00e9pondre d\u2019accusations de corruption et de possession ill\u00e9gale de devises \u00e9trang\u00e8res.<\/span><\/strong><\/p>\n<p class=\"c4\">Pour rappel, le 21 Avril dernier, le chef du Conseil militaire de transition, le g\u00e9n\u00e9ral Abdel Fattah Al Burhane avait d\u00e9clar\u00e9 que les nouvelles autorit\u00e9s avaient trouv\u00e9, dans la r\u00e9sidence du pr\u00e9sident d\u00e9chu \u00e0 Khartoum, plus de 113 millions de dollars, en devises. Or, en ayant d\u00e9cr\u00e9t\u00e9 l\u2019\u00e9tat d\u2019urgence le 22 f\u00e9vrier, il avait lui-m\u00eame rendu ill\u00e9gale la possession de plus de 5000 dollars en devises et, de ce fait, se trouve ainsi accus\u00e9, par la Cour de \u00abpossession de devises \u00e9trang\u00e8res\u00bb outre le fait \u00abd\u2019avoir acquis des richesses de fa\u00e7on suspecte et ill\u00e9gale et d\u2019avoir ordonn\u00e9 l\u2019Etat d\u2019urgence\u00bb.<\/p>\n<p class=\"c4\">D\u00e9f\u00e9r\u00e9 au parquet en charge des affaires de corruption \u00e0 Khartoum, l\u2019ancien chef de l\u2019Etat soudanais est arriv\u00e9, ce dimanche et pour sa premi\u00e8re apparition publique depuis son arrestation, au Tribunal de la capitale, drap\u00e9 dans une jellaba blanche avec son l\u00e9gendaire turban blanc nou\u00e9 autour de la t\u00eate et escort\u00e9 par un important dispositif militaire.<\/p>\n<p class=\"c4\">Cit\u00e9 par l\u2019AFP, Aladdin Dafallah, un responsable du parquet a d\u00e9clar\u00e9 que, lors de cette comparution qui n\u2019est que la premi\u00e8re \u00e9tape d\u2019un long processus judiciaire, le pr\u00e9sident d\u00e9chu a \u00e9t\u00e9 \u00abinform\u00e9 des accusations qui p\u00e8sent sur lui\u00bb; \u00e0 savoir, corruption, possession ill\u00e9gale de devises \u00e9trang\u00e8res et r\u00e9ception indue de cadeaux.<\/p>\n<p class=\"c4\">Ayant regagn\u00e9 sa cellule imm\u00e9diatement apr\u00e8s avoir pris connaissance des griefs qui lui sont reproch\u00e9s, \u00abOmar El B\u00e9chir comparaitra devant un tribunal la semaine prochaine\u00bb a d\u00e9clar\u00e9 le procureur g\u00e9n\u00e9ral du Soudan, Al Walid Sayyed Ahmed. Ce dernier, qui n\u2019a ni d\u00e9voil\u00e9 la date exacte de l\u2019audience ni \u00e9voqu\u00e9 l\u2019enqu\u00eate aff\u00e9rente aux 61 personnes ayant perdu la vie lors de la dispersion, le 3 juin dernier, par les forces de l\u2019ordre, du sit-in organis\u00e9 par les manifestants devant le QG de l\u2019arm\u00e9e pour r\u00e9clamer le transfert du pouvoir aux civils, a tenu, tout de m\u00eame, \u00e0 pr\u00e9ciser que la justice enqu\u00eate, \u00e9galement, sur 41 chefs d\u2019accusation visant d\u2019anciens \u00absymboles du r\u00e9gime\u00bb.<\/p>\n<p class=\"c4\">Mais ce ne sont point-l\u00e0 les seules accusations auxquelles aura \u00e0 faire face l\u2019ancien homme fort du pays puisqu\u2019il est \u00e9galement suspect\u00e9 de blanchiment d\u2019argent et de financement du terrorisme et accus\u00e9 du meurtre de plusieurs manifestants lors de la r\u00e9pression de la contestation populaire ayant abouti \u00e0 son \u00e9viction.<\/p>\n<p class=\"c4\">Et m\u00eame si, pour l\u2019heure, il ne semble pas que les nouvelles autorit\u00e9s militaires du pays soient pr\u00eates \u00e0 le livrer \u00e0 la justice internationale, Omar Al Bachir reste poursuivi par la Cour P\u00e9nale Internationale pour les crimes de g\u00e9nocide, crimes contre l\u2019humanit\u00e9 et crimes de guerre perp\u00e9tr\u00e9s lors de la guerre du Darfour qui aurait fait, selon les Nations-Unies, pr\u00e8s de 300.000 morts.<\/p>\n<p class=\"c4\">Disons, enfin, pour terminer que si les d\u00e9boires de l\u2019ancien homme fort du Soudan ne font que commencer, ils s\u2019annoncent tr\u00e8s longs et attendons pour voir\u2026<\/p>\n<p class=\"c5\"><strong>Nabil El Bousaadi<\/strong><\/p>\n<p>Auteur: rahal mehamed<br \/>\n<a href=\"http:\/\/albayane.press.ma\/omar-al-bachir-devant-la-justice.html\">Cliquez ici pour lire l&rsquo;article depuis sa source.<\/a><\/p>\n","protected":false},"excerpt":{"rendered":"<p>Destitu\u00e9 par l\u2019arm\u00e9e le 11 Avril dernier sous la pression de la rue et apr\u00e8s un vaste mouvement de contestation d\u00e9clench\u00e9 par le triplement du prix du pain dans un pays \u00e0 l\u2019\u00e9conomie exsangue, l\u2019ancien g\u00e9n\u00e9ral Omar El B\u00e9chir, qui a pr\u00e9sid\u00e9 aux destin\u00e9es du Soudan durant 30 ans apr\u00e8s avoir \u00e9t\u00e9 port\u00e9 au pouvoir [&hellip;]<\/p>\n","protected":false},"author":1760,"featured_media":0,"comment_status":"closed","ping_status":"closed","sticky":false,"template":"","format":"standard","meta":{"fifu_image_url":"","fifu_image_alt":"","footnotes":""},"categories":[73,54],"tags":[],"class_list":["post-41435","post","type-post","status-publish","format-standard","hentry","category-actualite","category-maroc"],"_links":{"self":[{"href":"https:\/\/linitiative.ca\/International\/wp-json\/wp\/v2\/posts\/41435","targetHints":{"allow":["GET"]}}],"collection":[{"href":"https:\/\/linitiative.ca\/International\/wp-json\/wp\/v2\/posts"}],"about":[{"href":"https:\/\/linitiative.ca\/International\/wp-json\/wp\/v2\/types\/post"}],"author":[{"embeddable":true,"href":"https:\/\/linitiative.ca\/International\/wp-json\/wp\/v2\/users\/1760"}],"replies":[{"embeddable":true,"href":"https:\/\/linitiative.ca\/International\/wp-json\/wp\/v2\/comments?post=41435"}],"version-history":[{"count":0,"href":"https:\/\/linitiative.ca\/International\/wp-json\/wp\/v2\/posts\/41435\/revisions"}],"wp:attachment":[{"href":"https:\/\/linitiative.ca\/International\/wp-json\/wp\/v2\/media?parent=41435"}],"wp:term":[{"taxonomy":"category","embeddable":true,"href":"https:\/\/linitiative.ca\/International\/wp-json\/wp\/v2\/categories?post=41435"},{"taxonomy":"post_tag","embeddable":true,"href":"https:\/\/linitiative.ca\/International\/wp-json\/wp\/v2\/tags?post=41435"}],"curies":[{"name":"wp","href":"https:\/\/api.w.org\/{rel}","templated":true}]}}