{"id":41436,"date":"2019-06-19T06:02:47","date_gmt":"2019-06-19T10:02:47","guid":{"rendered":"https:\/\/linitiative.ca\/International\/lex-president-egyptien-morsi-enterre-sous-haute-securite\/"},"modified":"2019-06-19T06:02:47","modified_gmt":"2019-06-19T10:02:47","slug":"lex-president-egyptien-morsi-enterre-sous-haute-securite","status":"publish","type":"post","link":"https:\/\/linitiative.ca\/International\/lex-president-egyptien-morsi-enterre-sous-haute-securite\/","title":{"rendered":"L\u2019ex-pr\u00e9sident \u00e9gyptien Morsi enterr\u00e9 sous haute s\u00e9curit\u00e9"},"content":{"rendered":"<p class=\"c4\"><strong><span class=\"c3\"><span class=\"c2\">L<\/span>e pr\u00e9sident \u00e9gyptien d\u00e9chu Mohamed Morsi, d\u00e9c\u00e9d\u00e9 au tribunal, a \u00e9t\u00e9 enterr\u00e9 mardi au Caire en toute discr\u00e9tion et sous haute surveillance, apr\u00e8s avoir pass\u00e9 pr\u00e8s de six ans en prison.<\/span><\/strong><\/p>\n<p class=\"c4\">Des organisations de d\u00e9fense des droits humains ont r\u00e9clam\u00e9 une enqu\u00eate sur la mort de cet islamiste de 67 ans, emprisonn\u00e9 par les autorit\u00e9s depuis sa destitution en juillet 2013 par Abdel Fattah al-Sissi, chef de l\u2019arm\u00e9e \u00e0 l\u2019\u00e9poque et actuellement pr\u00e9sident d\u2019Egypte.<\/p>\n<p class=\"c4\">Dans la presse \u00e9gyptienne mardi, l\u2019\u00e9v\u00e9nement \u00e9tait relat\u00e9 de fa\u00e7on minimale, certains journaux ne mentionnant m\u00eame pas qu\u2019il a \u00e9t\u00e9 chef de l\u2019Etat pendant une ann\u00e9e entre 2012 et 2013.<\/p>\n<p class=\"c4\">Issu de la confr\u00e9rie des Fr\u00e8res musulmans, d\u00e9sormais interdite, Mohamed Morsi avait pourtant \u00e9t\u00e9 le premier pr\u00e9sident d\u00e9mocratiquement \u00e9lu en Egypte apr\u00e8s le Printemps arabe de 2011 qui avait pouss\u00e9 au d\u00e9part l\u2019ancien chef de l\u2019Etat Hosni Moubarak apr\u00e8s 30 ans de pouvoir.<\/p>\n<p class=\"c4\">Mais dans un pays o\u00f9 les autorit\u00e9s ont men\u00e9 une s\u00e9v\u00e8re r\u00e9pression contre l\u2019opposition, peu d\u2019habitants commentaient ouvertement le d\u00e9c\u00e8s de l\u2019ex-chef d\u2019Etat.<\/p>\n<p class=\"c4\">L\u2019enterrement s\u2019est d\u00e9roul\u00e9 dans la nuit, dans un quartier boucl\u00e9 par des policiers qui ont contr\u00f4l\u00e9 chaque v\u00e9hicule passant \u00e0 proximit\u00e9.<\/p>\n<p class=\"c4\">Aucun journaliste n\u2019a pu acc\u00e9der au cimeti\u00e8re, dans le quartier de Medinat Nasr (est du Caire), non loin des lieux o\u00f9 la r\u00e9pression f\u00e9roce par les forces de l\u2019ordre d\u2019un sit-in des partisans de Mohamed Morsi avait fait environ 800 morts en ao\u00fbt 2013.<\/p>\n<p class=\"c4\">Seuls une dizaine de membres de la famille \u00e9taient pr\u00e9sent, selon des journalistes de l\u2019AFP.<br \/>\u00abLa pri\u00e8re fun\u00e8bre a \u00e9t\u00e9 faite \u00e0 l\u2019h\u00f4pital de la prison\u00bb o\u00f9 il \u00e9tait d\u00e9tenu, a indiqu\u00e9 \u00e0 l\u2019AFP l\u2019un de ses avocats, Abdelmoneim Abdel Maksoud.<\/p>\n<p class=\"c4\">Apr\u00e8s sa destitution par l\u2019arm\u00e9e \u00e0 la suite d\u2019une vague de manifestations, Mohamed Morsi a \u00e9t\u00e9 poursuivi dans plusieurs affaires, accus\u00e9 de \u00abterrorisme\u00bb, \u00abd\u2019espionnage\u00bb ou de \u00abmeurtre\u00bb de manifestants, des charges qu\u2019il a toujours rejet\u00e9es.<\/p>\n<p class=\"c4\">C\u2019est lors d\u2019une audience lundi au Caire consacr\u00e9e \u00e0 des accusations d\u2019espionnage au profit de l\u2019Iran, du Qatar et de groupes comme le Hamas \u00e0 Gaza, qu\u2019il s\u2019est effondr\u00e9.<\/p>\n<p class=\"c4\">\u00abLe tribunal lui a accord\u00e9 le droit de parler pendant cinq minutes. Il est tomb\u00e9 sur le sol dans la cage des accus\u00e9s et a \u00e9t\u00e9 imm\u00e9diatement transport\u00e9 \u00e0 l\u2019h\u00f4pital\u00bb, a indiqu\u00e9 le parquet g\u00e9n\u00e9ral. \u00abLe procureur a \u00e9t\u00e9 inform\u00e9 de la mort de Morsi durant sa pr\u00e9sence dans une s\u00e9ance de son proc\u00e8s\u00bb, a poursuivi l\u2019institution.<\/p>\n<p class=\"c4\">Il est mort \u00ab\u00e0 cause d\u2019un arr\u00eat cardiaque\u00bb, selon la t\u00e9l\u00e9vision d\u2019Etat. Sa famille a confirm\u00e9 son d\u00e9c\u00e8s mais sans en donner la cause.<\/p>\n<p class=\"c4\">\u00abNous n\u2019avons m\u00eame pas pu le voir au tribunal \u00e0 cause des parois de verre blind\u00e9 (du box) insonoris\u00e9. Mais d\u2019autres d\u00e9tenus nous ont fait signe qu\u2019il n\u2019avait plus de pouls\u00bb, a racont\u00e9 \u00e0 l\u2019AFP l\u2019un de ses avocats, Me Maksoud.<\/p>\n<p class=\"c4\">Le Parti de la libert\u00e9 et de la justice de Mohamed Morsi, bras politique des Fr\u00e8res musulmans, a parl\u00e9 d\u2019un \u00abassassinat\u00bb, d\u00e9non\u00e7ant de mauvaises conditions de d\u00e9tention dont \u00able but \u00e9tait de le tuer \u00e0 petit feu\u00bb. En Jordanie, les Fr\u00e8res musulmans ont estim\u00e9 que les \u00abautorit\u00e9s du coup\u00bb (d\u2019Etat contre l\u2019ex-pr\u00e9sident) sont responsables de la mort du \u00abmartyr\u00bb Morsi.<\/p>\n<p class=\"c4\">En mars 2018, une commission britannique ind\u00e9pendante avait condamn\u00e9 le maintien \u00e0 l\u2019isolement 23 heures par jour de cet homme souffrant d\u2019ant\u00e9c\u00e9dents diab\u00e9tiques et d\u2019insuffisances r\u00e9nale. \u00abLe refus d\u2019un traitement m\u00e9dical de base auquel il a droit pourrait entra\u00eener sa mort pr\u00e9matur\u00e9e\u00bb, avait d\u00e9clar\u00e9 devant le Parlement britannique le d\u00e9put\u00e9 Crispin Blunt, pr\u00e9sident de cette commission.<\/p>\n<p class=\"c4\">Le chef de l\u2019Etat turc Recep Tayyip Erdogan, alli\u00e9 de l\u2019ancien pr\u00e9sident, l\u2019a qualifi\u00e9 de \u00abmartyr\u00bb. L\u2019\u00e9mir du Qatar, cheikh Tamim ben Hamad Al-Thani, a exprim\u00e9 \u00absa profonde tristesse\u00bb, l\u2019Iran regrettant \u00abune mort triste et malheureuse\u00bb.<\/p>\n<p class=\"c4\">Amnesty International et Human Rights Watch (HRW) ont r\u00e9clam\u00e9 une enqu\u00eate \u00abind\u00e9pendante\u00bb. HRW a insist\u00e9 sur la n\u00e9cessit\u00e9 d\u2019une investigation du Comit\u00e9 des droits de l\u2019Homme de l\u2019ONU sur \u00ables graves violations des droits humains en cours en Egypte\u00bb.<\/p>\n<p class=\"c4\">Le leader islamiste avait \u00e9t\u00e9 condamn\u00e9 \u00e0 un total de 45 ans de prison dans deux affaires, incitation \u00e0 la violence contre des manifestants fin 2012 et espionnage au profit du Qatar. Il \u00e9tait rejug\u00e9 apr\u00e8s l\u2019annulation de deux verdicts prononc\u00e9s contre lui \u2013 une condamnation \u00e0 mort et une r\u00e9clusion \u00e0 perp\u00e9tuit\u00e9.<\/p>\n<p class=\"c4\">Apr\u00e8s sa destitution, Abdel Fattah al-Sissi, qui \u00e9tait son ministre de la D\u00e9fense, a men\u00e9 une r\u00e9pression sans merci contre l\u2019opposition islamiste notamment.<\/p>\n<p class=\"c4\">Policiers et soldats avaient tu\u00e9 plus de 1.400 manifestants pro-Morsi en quelques mois. Des centaines avaient \u00e9t\u00e9 condamn\u00e9s \u00e0 mort et des milliers emprisonn\u00e9s.<\/p>\n<p class=\"c4\">Apr\u00e8s l\u2019annonce de la mort de Mohamed Morsi, la t\u00e9l\u00e9vision d\u2019Etat a diffus\u00e9 en boucle des images de violences et d\u2019attentats, accusant les Fr\u00e8res musulmans de \u00abterrorisme\u00bb et de \u00abmensonge\u00bb.<\/p>\n<p class=\"c4\">Les ann\u00e9es qui ont suivi le coup de force de l\u2019arm\u00e9e ont vu une succession d\u2019attaques visant les forces de l\u2019ordre sur fond d\u2019insurrection jihadiste dans le nord -Sina\u00ef.<\/p>\n<p>Auteur: rahal mehamed<br \/>\n<a href=\"http:\/\/albayane.press.ma\/lex-president-egyptien-morsi-enterre-sous-haute-securite.html\">Cliquez ici pour lire l&rsquo;article depuis sa source.<\/a><\/p>\n","protected":false},"excerpt":{"rendered":"<p>Le pr\u00e9sident \u00e9gyptien d\u00e9chu Mohamed Morsi, d\u00e9c\u00e9d\u00e9 au tribunal, a \u00e9t\u00e9 enterr\u00e9 mardi au Caire en toute discr\u00e9tion et sous haute surveillance, apr\u00e8s avoir pass\u00e9 pr\u00e8s de six ans en prison. Des organisations de d\u00e9fense des droits humains ont r\u00e9clam\u00e9 une enqu\u00eate sur la mort de cet islamiste de 67 ans, emprisonn\u00e9 par les autorit\u00e9s [&hellip;]<\/p>\n","protected":false},"author":1760,"featured_media":0,"comment_status":"closed","ping_status":"closed","sticky":false,"template":"","format":"standard","meta":{"fifu_image_url":"","fifu_image_alt":"","footnotes":""},"categories":[73,54],"tags":[],"class_list":["post-41436","post","type-post","status-publish","format-standard","hentry","category-actualite","category-maroc"],"_links":{"self":[{"href":"https:\/\/linitiative.ca\/International\/wp-json\/wp\/v2\/posts\/41436","targetHints":{"allow":["GET"]}}],"collection":[{"href":"https:\/\/linitiative.ca\/International\/wp-json\/wp\/v2\/posts"}],"about":[{"href":"https:\/\/linitiative.ca\/International\/wp-json\/wp\/v2\/types\/post"}],"author":[{"embeddable":true,"href":"https:\/\/linitiative.ca\/International\/wp-json\/wp\/v2\/users\/1760"}],"replies":[{"embeddable":true,"href":"https:\/\/linitiative.ca\/International\/wp-json\/wp\/v2\/comments?post=41436"}],"version-history":[{"count":0,"href":"https:\/\/linitiative.ca\/International\/wp-json\/wp\/v2\/posts\/41436\/revisions"}],"wp:attachment":[{"href":"https:\/\/linitiative.ca\/International\/wp-json\/wp\/v2\/media?parent=41436"}],"wp:term":[{"taxonomy":"category","embeddable":true,"href":"https:\/\/linitiative.ca\/International\/wp-json\/wp\/v2\/categories?post=41436"},{"taxonomy":"post_tag","embeddable":true,"href":"https:\/\/linitiative.ca\/International\/wp-json\/wp\/v2\/tags?post=41436"}],"curies":[{"name":"wp","href":"https:\/\/api.w.org\/{rel}","templated":true}]}}