{"id":41438,"date":"2019-06-19T06:19:51","date_gmt":"2019-06-19T10:19:51","guid":{"rendered":"https:\/\/linitiative.ca\/International\/mondial-2022-michel-platini-place-en-garde-a-vue\/"},"modified":"2019-06-19T06:19:51","modified_gmt":"2019-06-19T10:19:51","slug":"mondial-2022-michel-platini-place-en-garde-a-vue","status":"publish","type":"post","link":"https:\/\/linitiative.ca\/International\/mondial-2022-michel-platini-place-en-garde-a-vue\/","title":{"rendered":"Mondial 2022: Michel Platini plac\u00e9 en garde \u00e0 vue"},"content":{"rendered":"<p class=\"c4\"><strong><span class=\"c2\">L\u2019<\/span><span class=\"c3\">ex-patron de l\u2019UEFA Michel Platini a \u00e9t\u00e9 plac\u00e9 mardi en garde \u00e0 vue \u00e0 Nanterre, pr\u00e8s de Paris, dans le cadre de l\u2019enqu\u00eate fran\u00e7aise pour corruption sur les conditions d\u2019attribution de la Coupe du monde de football 2022 au Qatar, a-t-on appris de sources concordantes.<\/span><\/strong><\/p>\n<p class=\"c4\">\u00a0Le Parquet national financier (PNF) a ouvert en 2016 une enqu\u00eate pr\u00e9liminaire pour \u00ab\u00a0corruption priv\u00e9e\u00a0\u00bb, \u00ab\u00a0association de malfaiteurs\u00a0\u00bb, \u00ab\u00a0trafic d\u2019influence et recel de trafic d\u2019influence\u00a0\u00bb autour des conditions d\u2019attribution par la F\u00e9d\u00e9ration internationale de football (FIFA), des Coupes du monde de football 2018 en Russie et 2022 au Qatar.<\/p>\n<p class=\"c4\">La justice fran\u00e7aise s\u2019int\u00e9resse en particulier \u00e0 \u00ab\u00a0une r\u00e9union secr\u00e8te\u00a0\u00bb au Palais de l\u2019Elys\u00e9e le 23 novembre 2010, \u00e0 laquelle participaient Nicolas Sarkozy, le prince du Qatar, Tamim bin Hamad al-Thani, et Michel Platini alors pr\u00e9sident de l\u2019UEFA et vice-pr\u00e9sident de la FIFA. Cette r\u00e9union avait \u00e9t\u00e9 r\u00e9v\u00e9l\u00e9e par l\u2019hebdomadaire France Football.<\/p>\n<p class=\"c4\">L\u2019ex-bras droit du pr\u00e9sident Sarkozy, Claude Gu\u00e9ant, \u00e9tait pour sa part entendu en audition libre par les enqu\u00eateurs de l\u2019Office anticorruption de la police judiciaire (OCLCIFF), \u00e0 Nanterre \u00e9galement, selon une source proche de l\u2019enqu\u00eate, confirmant une information du site Mediapart.<\/p>\n<p class=\"c4\">La d\u00e9signation \u00e0 la surprise g\u00e9n\u00e9rale du Qatar, richissime \u00e9mirat gazier pr\u00e9f\u00e9r\u00e9 aux Etats-Unis par les membres du comit\u00e9 ex\u00e9cutif de la FIFA, avait \u00e9t\u00e9 l\u2019un des d\u00e9clencheurs de la grave crise qui secoue la FIFA depuis 2015.<\/p>\n<p class=\"c4\">En octobre 2015, l\u2019ancien pr\u00e9sident de la FIFA Sepp Blatter, contraint au d\u00e9part, avait mis en cause la France. Selon lui, \u00ab\u00a0un arrangement diplomatique\u00a0\u00bb existait pour que les Mondiaux 2018 et 2022 aient lieu en Russie puis aux Etats-Unis, un plan qui aurait \u00e9chou\u00e9 \u00e0 cause de \u00ab\u00a0l\u2019interf\u00e9rence gouvernementale de M. Sarkozy\u00a0\u00bb, qui avait r\u00e9fut\u00e9 toute intervention.<\/p>\n<p class=\"c4\">M. Blatter avait \u00e9t\u00e9 entendu comme t\u00e9moin en Suisse en 2017 dans le cadre d\u2019une demande d\u2019entraide p\u00e9nale de la justice fran\u00e7aise. Il a \u00e9t\u00e9 suspendu six ans par la FIFA \u00ab\u00a0de toute activit\u00e9 li\u00e9e au football\u00a0\u00bb pour un paiement controvers\u00e9 de 2 millions de francs suisses (1,8 million d\u2019euros), \u00e0 son ex-ami et alli\u00e9 Michel Platini, lui aussi suspendu quatre ans. D\u2019autres enqu\u00eates distinctes ont \u00e9t\u00e9 ouvertes en Suisse et aux Etats-Unis.<\/p>\n<p>Auteur: rahal mehamed<br \/>\n<a href=\"http:\/\/albayane.press.ma\/mondial-2022-michel-platini-place-en-garde-a-vue.html\">Cliquez ici pour lire l&rsquo;article depuis sa source.<\/a><\/p>\n","protected":false},"excerpt":{"rendered":"<p>L\u2019ex-patron de l\u2019UEFA Michel Platini a \u00e9t\u00e9 plac\u00e9 mardi en garde \u00e0 vue \u00e0 Nanterre, pr\u00e8s de Paris, dans le cadre de l\u2019enqu\u00eate fran\u00e7aise pour corruption sur les conditions d\u2019attribution de la Coupe du monde de football 2022 au Qatar, a-t-on appris de sources concordantes. \u00a0Le Parquet national financier (PNF) a ouvert en 2016 une [&hellip;]<\/p>\n","protected":false},"author":1760,"featured_media":0,"comment_status":"closed","ping_status":"closed","sticky":false,"template":"","format":"standard","meta":{"fifu_image_url":"","fifu_image_alt":"","footnotes":""},"categories":[73,54],"tags":[],"class_list":["post-41438","post","type-post","status-publish","format-standard","hentry","category-actualite","category-maroc"],"_links":{"self":[{"href":"https:\/\/linitiative.ca\/International\/wp-json\/wp\/v2\/posts\/41438","targetHints":{"allow":["GET"]}}],"collection":[{"href":"https:\/\/linitiative.ca\/International\/wp-json\/wp\/v2\/posts"}],"about":[{"href":"https:\/\/linitiative.ca\/International\/wp-json\/wp\/v2\/types\/post"}],"author":[{"embeddable":true,"href":"https:\/\/linitiative.ca\/International\/wp-json\/wp\/v2\/users\/1760"}],"replies":[{"embeddable":true,"href":"https:\/\/linitiative.ca\/International\/wp-json\/wp\/v2\/comments?post=41438"}],"version-history":[{"count":0,"href":"https:\/\/linitiative.ca\/International\/wp-json\/wp\/v2\/posts\/41438\/revisions"}],"wp:attachment":[{"href":"https:\/\/linitiative.ca\/International\/wp-json\/wp\/v2\/media?parent=41438"}],"wp:term":[{"taxonomy":"category","embeddable":true,"href":"https:\/\/linitiative.ca\/International\/wp-json\/wp\/v2\/categories?post=41438"},{"taxonomy":"post_tag","embeddable":true,"href":"https:\/\/linitiative.ca\/International\/wp-json\/wp\/v2\/tags?post=41438"}],"curies":[{"name":"wp","href":"https:\/\/api.w.org\/{rel}","templated":true}]}}