{"id":41441,"date":"2019-06-19T05:03:03","date_gmt":"2019-06-19T09:03:03","guid":{"rendered":"https:\/\/linitiative.ca\/International\/retour-pour-les-vacances-dete-mesures-au-profit-des-tunisiens-a-letranger\/"},"modified":"2019-06-19T05:03:03","modified_gmt":"2019-06-19T09:03:03","slug":"retour-pour-les-vacances-dete-mesures-au-profit-des-tunisiens-a-letranger","status":"publish","type":"post","link":"https:\/\/linitiative.ca\/International\/retour-pour-les-vacances-dete-mesures-au-profit-des-tunisiens-a-letranger\/","title":{"rendered":"Retour pour les vacances d\u2019\u00e9t\u00e9 :  Mesures au profit des Tunisiens \u00e0 l\u2019\u00e9tranger"},"content":{"rendered":"<p>Le Chef du gouvernement, Youssef Chahed s\u2019est entretenu, mardi, \u00e0 Dar Dhiyafa \u00e0 Carthage avec le ministre des Affaires sociales, Mohamed Trabelsi et le ministre des Transports, Hichem Ben Ahmed au sujet des difficult\u00e9s que les Tunisiens \u00e9tablis \u00e0 l\u2019\u00e9tranger rencontrent \u00e0 leur retour en Tunisie, \u00e0 l\u2019occasion des vacances d\u2019\u00e9t\u00e9.<\/p>\n<p>Plusieurs d\u00e9cisions ont \u00e9t\u00e9 prises au cours de cette r\u00e9union dont l\u2019attribution de 500 billets gratuits aux familles \u00e0 revenu limit\u00e9 sur les vols de Tunisair et ce en coordination avec le minist\u00e8re des Affaires sociales et le minist\u00e8re des Transports. 300 billets gratuits seront, \u00e9galement, fournis sur les lignes maritimes de la Compagnie tunisienne de navigation (CTN), indique un communiqu\u00e9 de la pr\u00e9sidence du gouvernement qui tient \u00e0 pr\u00e9ciser que chacune des familles concern\u00e9es n\u2019a droit d\u2019embarquer qu\u2019une seule voiture, gratuitement.<\/p>\n<p>Il a \u00e9t\u00e9, \u00e9galement, d\u00e9cid\u00e9 d\u2019affr\u00e9ter un airbus A330 pour assurer le retour des Tunisiens dans leur pays d\u2019origine et de programmer 35 vols suppl\u00e9mentaires offrant 20 mille places soit l\u2019\u00e9quivalent de 10 mille passagers (aller\/retour), avec un prix unifi\u00e9 des billets \u00e0 tous les passagers sur ces vols (380 euros), soit une r\u00e9duction d\u2019environ 40%, indique-t-on de m\u00eame source. Les vols partiront des a\u00e9roports fran\u00e7ais, allemands et italiens en direction des a\u00e9roports de Tunis-Carthage et Djerba Zarzis<\/p>\n<p>La vente des billets pour les voyages suppl\u00e9mentaires commencera le jeudi 20 juin 2019 dans toutes les agences de la compagnie Tunisair et les agences agr\u00e9\u00e9es.<\/p>\n<p class=\"dpsp-share-text\">Partager c&rsquo;est aimer!<\/p>\n<div class=\"wp-post-author-wrap wp-post-author-shortcode left\">\n<h3 class=\"awpa-title\"\/>\n<div class=\"wp-post-author\">\n<div class=\"awpa-img awpa-author-block square\"><a href=\"http:\/\/lexpertjournal.net\/fr\/author\/expert\/\"><img loading=\"lazy\" decoding=\"async\" alt=\"\" src=\"http:\/\/2.gravatar.com\/avatar\/56d99be2a6f97af88ccb49fada637fcd?s=150&#038;d=mm&#038;r=g\" srcset=\"http:\/\/2.gravatar.com\/avatar\/56d99be2a6f97af88ccb49fada637fcd?s=300&#038;d=mm&#038;r=g 2x\" class=\"avatar avatar-150 photo\" height=\"150\" width=\"150\"\/><\/a><\/div>\n<\/div>\n<\/div>\n<p>Auteur: L&rsquo;expert<br \/>\n<a href=\"http:\/\/lexpertjournal.net\/fr\/2019\/06\/19\/retour-pour-les-vacances-dete-mesures-au-profit-des-tunisiens-a-letranger\/\">Cliquez ici pour lire l&rsquo;article depuis sa source.<\/a><\/p>\n","protected":false},"excerpt":{"rendered":"<p>Le Chef du gouvernement, Youssef Chahed s\u2019est entretenu, mardi, \u00e0 Dar Dhiyafa \u00e0 Carthage avec le ministre des Affaires sociales, Mohamed Trabelsi et le ministre des Transports, Hichem Ben Ahmed au sujet des difficult\u00e9s que les Tunisiens \u00e9tablis \u00e0 l\u2019\u00e9tranger rencontrent \u00e0 leur retour en Tunisie, \u00e0 l\u2019occasion des vacances d\u2019\u00e9t\u00e9. Plusieurs d\u00e9cisions ont \u00e9t\u00e9 [&hellip;]<\/p>\n","protected":false},"author":1775,"featured_media":0,"comment_status":"closed","ping_status":"closed","sticky":false,"template":"","format":"standard","meta":{"fifu_image_url":"","fifu_image_alt":"","footnotes":""},"categories":[78,55],"tags":[],"class_list":["post-41441","post","type-post","status-publish","format-standard","hentry","category-economie","category-tunisie"],"_links":{"self":[{"href":"https:\/\/linitiative.ca\/International\/wp-json\/wp\/v2\/posts\/41441","targetHints":{"allow":["GET"]}}],"collection":[{"href":"https:\/\/linitiative.ca\/International\/wp-json\/wp\/v2\/posts"}],"about":[{"href":"https:\/\/linitiative.ca\/International\/wp-json\/wp\/v2\/types\/post"}],"author":[{"embeddable":true,"href":"https:\/\/linitiative.ca\/International\/wp-json\/wp\/v2\/users\/1775"}],"replies":[{"embeddable":true,"href":"https:\/\/linitiative.ca\/International\/wp-json\/wp\/v2\/comments?post=41441"}],"version-history":[{"count":0,"href":"https:\/\/linitiative.ca\/International\/wp-json\/wp\/v2\/posts\/41441\/revisions"}],"wp:attachment":[{"href":"https:\/\/linitiative.ca\/International\/wp-json\/wp\/v2\/media?parent=41441"}],"wp:term":[{"taxonomy":"category","embeddable":true,"href":"https:\/\/linitiative.ca\/International\/wp-json\/wp\/v2\/categories?post=41441"},{"taxonomy":"post_tag","embeddable":true,"href":"https:\/\/linitiative.ca\/International\/wp-json\/wp\/v2\/tags?post=41441"}],"curies":[{"name":"wp","href":"https:\/\/api.w.org\/{rel}","templated":true}]}}