{"id":41442,"date":"2019-06-19T05:13:37","date_gmt":"2019-06-19T09:13:37","guid":{"rendered":"https:\/\/linitiative.ca\/International\/marche-financier-lancement-du-programme-investia-pme\/"},"modified":"2019-06-19T05:13:37","modified_gmt":"2019-06-19T09:13:37","slug":"marche-financier-lancement-du-programme-investia-pme","status":"publish","type":"post","link":"https:\/\/linitiative.ca\/International\/marche-financier-lancement-du-programme-investia-pme\/","title":{"rendered":"March\u00e9 financier : Lancement du programme \u00ab Investia PME \u00bb"},"content":{"rendered":"<p>Le chef du gouvernement, Youssef Chahed a annonc\u00e9 mardi \u00e0 Tunis, le lancement du programme \u00ab Investia PME \u00bb, visant \u00e0 renforcer l\u2019acc\u00e8s de 120 PME, au financement direct \u00e0 travers le march\u00e9 financier tunisien.<\/p>\n<p>Intervenant \u00e0 la cl\u00f4ture de la c\u00e9l\u00e9bration du 50\u00e8me anniversaire de la Bourse de Tunis, Chahed a insist\u00e9 sur la n\u00e9cessit\u00e9 de faciliter l\u2019obtention du financement \u00e0 travers le march\u00e9 financier, en r\u00e9visant le cadre juridique de l\u2019\u00e9mission des emprunts obligataires, en vue d\u2019en faciliter davantage les proc\u00e9dures.<\/p>\n<p>Il a fait savoir que des mesures vont \u00eatre prises en vue d\u2019impulser l\u2019\u00e9pargne et notamment l\u2019\u00e9pargne via le march\u00e9 financier, \u00e0 travers le d\u00e9veloppement des m\u00e9canismes et la mise en place des incitations n\u00e9cessaires.<\/p>\n<p>L\u2019ex\u00e9cutif s\u2019attache \u00e0 \u00ab renforcer la base des soci\u00e9t\u00e9s cot\u00e9es en bourse, \u00e0 travers l\u2019ouverture du capital de certaines entreprises publiques ou \u00e0 travers le financement de leurs besoins, en recourant directement, au march\u00e9 financier, par le biais de l\u2019\u00e9mission d\u2019emprunts obligataires. L\u2019Etat et les collectivit\u00e9s locales, pourraient aussi, avoir la possibilit\u00e9 d\u2019exploiter les m\u00e9canismes qu\u2019offre le march\u00e9 financier, pour financer leurs projets de d\u00e9veloppement \u00bb, a pr\u00e9cis\u00e9 le chef du gouvernement.<\/p>\n<p>Il a consid\u00e9r\u00e9 qu\u2019en d\u00e9pit des r\u00e9formes engag\u00e9es dans le march\u00e9 financier tunisien, les r\u00e9sultats n\u2019ont pas atteint le niveau requis, ce qui n\u00e9cessite un effort suppl\u00e9mentaire pour adapter le march\u00e9 financier aux \u00e9volutions r\u00e9centes.<\/p>\n<p>Le chef du gouvernement a relev\u00e9 la modestie de la contribution de la Bourse de Tunis, au financement de l\u2019investissement priv\u00e9, malgr\u00e9 les \u00e9volutions qu\u2019a connues le march\u00e9 financier tunisien dans les domaines l\u00e9gislatif, organisationnel et technique.<\/p>\n<p>Il a affirm\u00e9 l\u2019engagement du gouvernement \u00e0 \u00e9tudier les propositions et les recommandations de la Bourse des Valeurs Mobili\u00e8res de Tunis (BVMT) pour en tirer les meilleurs profits, soulignant \u00bb l\u2019importance de la diffusion de la culture financi\u00e8re, aupr\u00e8s du grand public et des g\u00e9n\u00e9rations futures \u00ab .<\/p>\n<p>Chahed a enfin, recommand\u00e9 de coordonner davantage entre les diff\u00e9rentes structures du march\u00e9 et les minist\u00e8res de l\u2019Education et de l\u2019enseignement sup\u00e9rieur, pour inclure cette culture dans les programmes d\u2019enseignement.<\/p>\n<p class=\"dpsp-share-text\">Partager c&rsquo;est aimer!<\/p>\n<div class=\"wp-post-author-wrap wp-post-author-shortcode left\">\n<h3 class=\"awpa-title\"\/>\n<div class=\"wp-post-author\">\n<div class=\"awpa-img awpa-author-block square\"><a href=\"http:\/\/lexpertjournal.net\/fr\/author\/expert\/\"><img loading=\"lazy\" decoding=\"async\" alt=\"\" src=\"http:\/\/2.gravatar.com\/avatar\/56d99be2a6f97af88ccb49fada637fcd?s=150&#038;d=mm&#038;r=g\" srcset=\"http:\/\/2.gravatar.com\/avatar\/56d99be2a6f97af88ccb49fada637fcd?s=300&#038;d=mm&#038;r=g 2x\" class=\"avatar avatar-150 photo\" height=\"150\" width=\"150\"\/><\/a><\/div>\n<\/div>\n<\/div>\n<p>Auteur: L&rsquo;expert<br \/>\n<a href=\"http:\/\/lexpertjournal.net\/fr\/2019\/06\/19\/marche-financier-lancement-du-programme-investia-pme\/\">Cliquez ici pour lire l&rsquo;article depuis sa source.<\/a><\/p>\n","protected":false},"excerpt":{"rendered":"<p>Le chef du gouvernement, Youssef Chahed a annonc\u00e9 mardi \u00e0 Tunis, le lancement du programme \u00ab Investia PME \u00bb, visant \u00e0 renforcer l\u2019acc\u00e8s de 120 PME, au financement direct \u00e0 travers le march\u00e9 financier tunisien. Intervenant \u00e0 la cl\u00f4ture de la c\u00e9l\u00e9bration du 50\u00e8me anniversaire de la Bourse de Tunis, Chahed a insist\u00e9 sur la [&hellip;]<\/p>\n","protected":false},"author":1775,"featured_media":0,"comment_status":"closed","ping_status":"closed","sticky":false,"template":"","format":"standard","meta":{"fifu_image_url":"","fifu_image_alt":"","footnotes":""},"categories":[78,55],"tags":[],"class_list":["post-41442","post","type-post","status-publish","format-standard","hentry","category-economie","category-tunisie"],"_links":{"self":[{"href":"https:\/\/linitiative.ca\/International\/wp-json\/wp\/v2\/posts\/41442","targetHints":{"allow":["GET"]}}],"collection":[{"href":"https:\/\/linitiative.ca\/International\/wp-json\/wp\/v2\/posts"}],"about":[{"href":"https:\/\/linitiative.ca\/International\/wp-json\/wp\/v2\/types\/post"}],"author":[{"embeddable":true,"href":"https:\/\/linitiative.ca\/International\/wp-json\/wp\/v2\/users\/1775"}],"replies":[{"embeddable":true,"href":"https:\/\/linitiative.ca\/International\/wp-json\/wp\/v2\/comments?post=41442"}],"version-history":[{"count":0,"href":"https:\/\/linitiative.ca\/International\/wp-json\/wp\/v2\/posts\/41442\/revisions"}],"wp:attachment":[{"href":"https:\/\/linitiative.ca\/International\/wp-json\/wp\/v2\/media?parent=41442"}],"wp:term":[{"taxonomy":"category","embeddable":true,"href":"https:\/\/linitiative.ca\/International\/wp-json\/wp\/v2\/categories?post=41442"},{"taxonomy":"post_tag","embeddable":true,"href":"https:\/\/linitiative.ca\/International\/wp-json\/wp\/v2\/tags?post=41442"}],"curies":[{"name":"wp","href":"https:\/\/api.w.org\/{rel}","templated":true}]}}