{"id":41443,"date":"2019-06-19T05:34:17","date_gmt":"2019-06-19T09:34:17","guid":{"rendered":"https:\/\/linitiative.ca\/International\/fonction-publique-negociations-salariales-la-semaine-prochaine\/"},"modified":"2019-06-19T05:34:17","modified_gmt":"2019-06-19T09:34:17","slug":"fonction-publique-negociations-salariales-la-semaine-prochaine","status":"publish","type":"post","link":"https:\/\/linitiative.ca\/International\/fonction-publique-negociations-salariales-la-semaine-prochaine\/","title":{"rendered":"Fonction publique :  N\u00e9gociations salariales la semaine prochaine"},"content":{"rendered":"<p>Les n\u00e9gociations relatives \u00e0 la troisi\u00e8me tranche des majorations salariales au profit des agents de la fonction publique d\u00e9marreront, au cours de la semaine prochaine, a annonc\u00e9, mardi \u00e0 Monastir, le secr\u00e9taire g\u00e9n\u00e9ral de l\u2019union g\u00e9n\u00e9rale tunisienne du travail (UGTT), Noureddine Taboubi.<\/p>\n<p>Dans une d\u00e9claration aux m\u00e9dias en marge de la conf\u00e9rence internationale des retrait\u00e9s des pays du pourtour m\u00e9diterran\u00e9en, Taboubi a estim\u00e9 que ces n\u00e9gociations ne seront pas difficiles et qu\u2019elles s\u2019ach\u00e8veront rapidement.<\/p>\n<p>Les majorations salariales, a-t-il dit, constituent un droit pour tous les travailleurs de la fonction publique, estimant que la situation de trois corps sp\u00e9cifiques (enseignement universitaire, m\u00e9decine publique et ing\u00e9nierie) s\u2019est nettement d\u00e9t\u00e9rior\u00e9e et qu\u2019il s\u2019av\u00e8re n\u00e9cessaire d\u2019ouvrer pour \u00ab pr\u00e9server nos comp\u00e9tences \u00bb.<\/p>\n<p>Il a, par ailleurs, d\u00e9clar\u00e9 que la centrale syndicale d\u00e9fend les droits socio-\u00e9conomiques des enseignants universitaires et appelle \u00e0 l\u2019am\u00e9lioration de leur pouvoir d\u2019achat mais n\u2019accepte, en aucun cas, que les \u00e9tudiants soient pris en otage, affirmant que le militantisme syndical \u00e0 des limites.<\/p>\n<p class=\"dpsp-share-text\">Partager c&rsquo;est aimer!<\/p>\n<div class=\"wp-post-author-wrap wp-post-author-shortcode left\">\n<h3 class=\"awpa-title\"\/>\n<div class=\"wp-post-author\">\n<div class=\"awpa-img awpa-author-block square\"><a href=\"http:\/\/lexpertjournal.net\/fr\/author\/expert\/\"><img loading=\"lazy\" decoding=\"async\" alt=\"\" src=\"http:\/\/2.gravatar.com\/avatar\/56d99be2a6f97af88ccb49fada637fcd?s=150&#038;d=mm&#038;r=g\" srcset=\"http:\/\/2.gravatar.com\/avatar\/56d99be2a6f97af88ccb49fada637fcd?s=300&#038;d=mm&#038;r=g 2x\" class=\"avatar avatar-150 photo\" height=\"150\" width=\"150\"\/><\/a><\/div>\n<\/div>\n<\/div>\n<p>Auteur: L&rsquo;expert<br \/>\n<a href=\"http:\/\/lexpertjournal.net\/fr\/2019\/06\/19\/fonction-publique-negociations-salariales-la-semaine-prochaine\/\">Cliquez ici pour lire l&rsquo;article depuis sa source.<\/a><\/p>\n","protected":false},"excerpt":{"rendered":"<p>Les n\u00e9gociations relatives \u00e0 la troisi\u00e8me tranche des majorations salariales au profit des agents de la fonction publique d\u00e9marreront, au cours de la semaine prochaine, a annonc\u00e9, mardi \u00e0 Monastir, le secr\u00e9taire g\u00e9n\u00e9ral de l\u2019union g\u00e9n\u00e9rale tunisienne du travail (UGTT), Noureddine Taboubi. Dans une d\u00e9claration aux m\u00e9dias en marge de la conf\u00e9rence internationale des retrait\u00e9s [&hellip;]<\/p>\n","protected":false},"author":1775,"featured_media":0,"comment_status":"closed","ping_status":"closed","sticky":false,"template":"","format":"standard","meta":{"fifu_image_url":"","fifu_image_alt":"","footnotes":""},"categories":[78,55],"tags":[],"class_list":["post-41443","post","type-post","status-publish","format-standard","hentry","category-economie","category-tunisie"],"_links":{"self":[{"href":"https:\/\/linitiative.ca\/International\/wp-json\/wp\/v2\/posts\/41443","targetHints":{"allow":["GET"]}}],"collection":[{"href":"https:\/\/linitiative.ca\/International\/wp-json\/wp\/v2\/posts"}],"about":[{"href":"https:\/\/linitiative.ca\/International\/wp-json\/wp\/v2\/types\/post"}],"author":[{"embeddable":true,"href":"https:\/\/linitiative.ca\/International\/wp-json\/wp\/v2\/users\/1775"}],"replies":[{"embeddable":true,"href":"https:\/\/linitiative.ca\/International\/wp-json\/wp\/v2\/comments?post=41443"}],"version-history":[{"count":0,"href":"https:\/\/linitiative.ca\/International\/wp-json\/wp\/v2\/posts\/41443\/revisions"}],"wp:attachment":[{"href":"https:\/\/linitiative.ca\/International\/wp-json\/wp\/v2\/media?parent=41443"}],"wp:term":[{"taxonomy":"category","embeddable":true,"href":"https:\/\/linitiative.ca\/International\/wp-json\/wp\/v2\/categories?post=41443"},{"taxonomy":"post_tag","embeddable":true,"href":"https:\/\/linitiative.ca\/International\/wp-json\/wp\/v2\/tags?post=41443"}],"curies":[{"name":"wp","href":"https:\/\/api.w.org\/{rel}","templated":true}]}}