{"id":41447,"date":"2019-06-19T07:58:59","date_gmt":"2019-06-19T11:58:59","guid":{"rendered":"https:\/\/linitiative.ca\/International\/une-session-de-reconversion-et-un-parcours-daccompagnement-du-corp-au-service-du-tourisme-en-tunisie\/"},"modified":"2019-06-19T07:58:59","modified_gmt":"2019-06-19T11:58:59","slug":"une-session-de-reconversion-et-un-parcours-daccompagnement-du-corp-au-service-du-tourisme-en-tunisie","status":"publish","type":"post","link":"https:\/\/linitiative.ca\/International\/une-session-de-reconversion-et-un-parcours-daccompagnement-du-corp-au-service-du-tourisme-en-tunisie\/","title":{"rendered":"Une session de reconversion et un parcours d\u2019accompagnement du CORP au Service du Tourisme en Tunisie"},"content":{"rendered":"<p>Sous l\u2019\u00e9gide de la Chambre de Commerce Tuniso-Allemande (AHK) et en partenariat avec l\u2019agence de Coop\u00e9ration Tuniso-Allemande (GIZ), le Centre d\u2019Orientation et de Reconversion Professionnelle (CORP) a lanc\u00e9 un projet de reconversion professionnelle orient\u00e9 vers quatre m\u00e9tiers dans le secteur du Tourismes \u00e0 savoir\u00a0: Technicien(ne) de Service, R\u00e9ceptionniste, Cuisinier\/P\u00e2tissier et Serveur(se) ainsi qu\u2019un projet d\u2019accompagnement pour les gens du m\u00e9tier.<\/p>\n<p>Les candidats de cette session de reconversion \u00e9taient r\u00e9partis en deux groupes. Le premier \u00e9tant constitu\u00e9 de 76 candidats hors champ du tourisme et qui ont b\u00e9n\u00e9fici\u00e9 d\u2019une reconversion sur deux axes l\u2019un technique et l\u2019autre en Soft-skills, et le deuxi\u00e8me constitu\u00e9 de 60 candidats issus du domaine du tourisme qui ont b\u00e9n\u00e9fici\u00e9 d\u2019une formation en Soft-Skills et en savoir-\u00eatre.<\/p>\n<p>Les 136 laur\u00e9ats de cette session de reconversion se sont vu remettre leurs certificats au cours d\u2019une c\u00e9r\u00e9monie de remise des certificats de reconversion et d\u2019accompagnement, organis\u00e9e par le COPR au\u00a0si\u00e8ge de l\u2019UTICA \u00e0 Sousse\u00a0le\u00a0Mardi 18 Juin 2019, en pr\u00e9sence de\u00a0M. Ren\u00e9 Trabelsi Ministre du Tourisme et de l\u2019Artisanat, M. Abdelkodous Saadaoui Secr\u00e9taire d\u2019Etat charg\u00e9 de la Jeunesse et M. Youssef Fennira Directeur G\u00e9n\u00e9ral de l\u2019Agence Nationale pour l\u2019Emploi et le Travail Ind\u00e9pendant (ANETI).<\/p>\n<p>Le besoin de cette session de reconversion d\u00e9di\u00e9e au secteur du Tourisme est n\u00e9 du fait que malgr\u00e9 un recrutement quasi-permanent de personnel, les secteurs de la restauration et de l\u2019h\u00f4tellerie souffrent continuellement d\u2019une p\u00e9nurie de main d\u2019\u0153uvre. Rassemblant des m\u00e9tiers imposant un rythme de travail soutenu et des horaires d\u00e9cal\u00e9s (soirs, weekend, vacances\u2026), ce secteur qui p\u00e2tit d\u2019une mauvaise image aupr\u00e8s des jeunes, offre pourtant de v\u00e9ritables perspectives de carri\u00e8re.<\/p>\n<p>De ce fait, le secteur du tourisme<em>\u00a0<\/em>et surtout de l\u2019h\u00f4tellerie et de la restauration apparaissent aujourd\u2019hui comme des domaines de reconversion privil\u00e9gi\u00e9s.<\/p>\n<p>Pour pallier au manque de personnel, les employeurs n\u2019h\u00e9sitent pas aujourd\u2019hui \u00e0 donner leur chance aux candidats sans exp\u00e9rience et\/ou sans formation. Le march\u00e9 de l\u2019emploi dans l\u2019<strong>h\u00f4tellerie-restauration<\/strong>\u00a0offre des opportunit\u00e9s de carri\u00e8re vari\u00e9es et de belles perspectives d\u2019\u00e9volution. Dans ce secteur tr\u00e8s hi\u00e9rarchis\u00e9 o\u00f9 chaque membre du personnel occupe un grade bien d\u00e9fini, un candidat motiv\u00e9 pourra rapidement prendre du galon pour \u00e9voluer au sein m\u00eame de son \u00e9tablissement ou dans d\u2019autres plus prestigieux. Alors qu\u2019un serveur peut ais\u00e9ment acc\u00e9der au statut de chef de rang ou de ma\u00eetre d\u2019h\u00f4tel, un cuisinier peut partir officier dans un \u00e9tablissement de luxe d\u00e8s lors qu\u2019il aura su se faire remarquer.<\/p>\n<p>A cette occasion, le CORP est fier d\u2019annoncer que 104 des candidats ayant b\u00e9n\u00e9fici\u00e9 de cette session de reconversion ont \u00e9t\u00e9 plac\u00e9s avec succ\u00e8s dans des complexes h\u00f4teliers.\u00a0<\/p>\n<p class=\"dpsp-share-text\">Partager c&rsquo;est aimer!<\/p>\n<div class=\"wp-post-author-wrap wp-post-author-shortcode left\">\n<h3 class=\"awpa-title\"\/>\n<div class=\"wp-post-author\">\n<div class=\"awpa-img awpa-author-block square\"><a href=\"http:\/\/lexpertjournal.net\/fr\/author\/expert\/\"><img loading=\"lazy\" decoding=\"async\" alt=\"\" src=\"http:\/\/2.gravatar.com\/avatar\/56d99be2a6f97af88ccb49fada637fcd?s=150&#038;d=mm&#038;r=g\" srcset=\"http:\/\/2.gravatar.com\/avatar\/56d99be2a6f97af88ccb49fada637fcd?s=300&#038;d=mm&#038;r=g 2x\" class=\"avatar avatar-150 photo\" height=\"150\" width=\"150\"\/><\/a><\/div>\n<\/div>\n<\/div>\n<p>Auteur: L&rsquo;expert<br \/>\n<a href=\"http:\/\/lexpertjournal.net\/fr\/2019\/06\/19\/une-session-de-reconversion-et-un-parcours-daccompagnement-du-corp-au-service-du-tourisme-en-tunisie\/\">Cliquez ici pour lire l&rsquo;article depuis sa source.<\/a><\/p>\n","protected":false},"excerpt":{"rendered":"<p>Sous l\u2019\u00e9gide de la Chambre de Commerce Tuniso-Allemande (AHK) et en partenariat avec l\u2019agence de Coop\u00e9ration Tuniso-Allemande (GIZ), le Centre d\u2019Orientation et de Reconversion Professionnelle (CORP) a lanc\u00e9 un projet de reconversion professionnelle orient\u00e9 vers quatre m\u00e9tiers dans le secteur du Tourismes \u00e0 savoir\u00a0: Technicien(ne) de Service, R\u00e9ceptionniste, Cuisinier\/P\u00e2tissier et Serveur(se) ainsi qu\u2019un projet d\u2019accompagnement [&hellip;]<\/p>\n","protected":false},"author":1775,"featured_media":0,"comment_status":"closed","ping_status":"closed","sticky":false,"template":"","format":"standard","meta":{"fifu_image_url":"","fifu_image_alt":"","footnotes":""},"categories":[78,55],"tags":[],"class_list":["post-41447","post","type-post","status-publish","format-standard","hentry","category-economie","category-tunisie"],"_links":{"self":[{"href":"https:\/\/linitiative.ca\/International\/wp-json\/wp\/v2\/posts\/41447","targetHints":{"allow":["GET"]}}],"collection":[{"href":"https:\/\/linitiative.ca\/International\/wp-json\/wp\/v2\/posts"}],"about":[{"href":"https:\/\/linitiative.ca\/International\/wp-json\/wp\/v2\/types\/post"}],"author":[{"embeddable":true,"href":"https:\/\/linitiative.ca\/International\/wp-json\/wp\/v2\/users\/1775"}],"replies":[{"embeddable":true,"href":"https:\/\/linitiative.ca\/International\/wp-json\/wp\/v2\/comments?post=41447"}],"version-history":[{"count":0,"href":"https:\/\/linitiative.ca\/International\/wp-json\/wp\/v2\/posts\/41447\/revisions"}],"wp:attachment":[{"href":"https:\/\/linitiative.ca\/International\/wp-json\/wp\/v2\/media?parent=41447"}],"wp:term":[{"taxonomy":"category","embeddable":true,"href":"https:\/\/linitiative.ca\/International\/wp-json\/wp\/v2\/categories?post=41447"},{"taxonomy":"post_tag","embeddable":true,"href":"https:\/\/linitiative.ca\/International\/wp-json\/wp\/v2\/tags?post=41447"}],"curies":[{"name":"wp","href":"https:\/\/api.w.org\/{rel}","templated":true}]}}