{"id":41458,"date":"2019-06-19T08:09:00","date_gmt":"2019-06-19T12:09:00","guid":{"rendered":"https:\/\/linitiative.ca\/International\/des-experts-de-lonu-inquiets-et-alarmes\/"},"modified":"2019-06-19T08:09:00","modified_gmt":"2019-06-19T12:09:00","slug":"des-experts-de-lonu-inquiets-et-alarmes","status":"publish","type":"post","link":"https:\/\/linitiative.ca\/International\/des-experts-de-lonu-inquiets-et-alarmes\/","title":{"rendered":"Des experts de l\u2019ONU inquiets et alarm\u00e9s"},"content":{"rendered":"<div id=\"originalText\" readability=\"53.3033707865\">\n<p>Des experts des Nations Unies se disent alarm\u00e9s par la mort en d\u00e9tention de Kamel-Eddine Fekhar, apr\u00e8s une gr\u00e8ve de la faim de 53 jours.<\/p>\n<p>\u00ab\u00a0Nous sommes particuli\u00e8rement pr\u00e9occup\u00e9s par le fait que les soins n\u00e9cessaires n&rsquo;ont pas \u00e9t\u00e9 prodigu\u00e9s \u00e0 M. Fekhar, alors qu\u2019il \u00e9tait sous l\u2019autorit\u00e9 p\u00e9nitentiaire, ce qui est contraire au <a href=\"https:\/\/www.ohchr.org\/FR\/ProfessionalInterest\/Pages\/DetentionOrImprisonment.aspx\">principe 24 de\u00a0l&rsquo;Ensemble de principes pour la protection de toutes les personnes soumises \u00e0 une forme quelconque de d\u00e9tention ou d&#8217;emprisonnement<\/a>\u00a0\u00bb, ont d\u00e9nonc\u00e9 les experts onusiens dans un communiqu\u00e9 rendu public, hier mardi.\u00a0<\/p>\n<p>Le Groupe de travail avait d\u00e9j\u00e0 jug\u00e9 \u00ab comme arbitraire et contraire au Pacte international relatif aux droits civils et politiques\u00a0\u00bb, une pr\u00e9c\u00e9dente p\u00e9riode de d\u00e9tention, en 2015,\u00a0et avait \u00ab\u00a0demand\u00e9 sa lib\u00e9ration imm\u00e9diate\u00a0\u00bb.<\/p>\n<p>Les quatre experts se sont ainsi d\u00e9clar\u00e9s \u00ab\u00a0alarm\u00e9s par les faits rapport\u00e9s\u00a0\u00bb et regrettent \u00ab\u00a0l&rsquo;absence de mise en \u0153uvre de l&rsquo;avis du Groupe de travail sur la pr\u00e9c\u00e9dente d\u00e9tention arbitraire de M. Fekhar\u00a0\u00bb.<\/p>\n<p>Ces derniers estiment \u00e9galement \u00ab\u00a0tr\u00e8s inqui\u00e9tant\u00a0(le fait ndlr) que\u00a0les autorit\u00e9s alg\u00e9riennes, apr\u00e8s avoir lib\u00e9r\u00e9 M. Fekhar, n&rsquo;aient pas respect\u00e9 les garanties de non-r\u00e9p\u00e9tition de la d\u00e9tention arbitraire d&rsquo;un d\u00e9fenseur des droits de l\u2019homme\u00a0\u00bb.<\/p>\n<p class=\"c10\"><strong>Sihem Benmalek<\/strong><\/p>\n<\/div>\n<div id=\"text_core\" readability=\"53.3033707865\">\n<p>Des experts des Nations Unies se disent alarm\u00e9s par la mort en d\u00e9tention de Kamel-Eddine Fekhar, apr\u00e8s une gr\u00e8ve de la faim de 53 jours.<\/p>\n<p>\u00ab\u00a0Nous sommes particuli\u00e8rement pr\u00e9occup\u00e9s par le fait que les soins n\u00e9cessaires n&rsquo;ont pas \u00e9t\u00e9 prodigu\u00e9s \u00e0 M. Fekhar, alors qu\u2019il \u00e9tait sous l\u2019autorit\u00e9 p\u00e9nitentiaire, ce qui est contraire au <a href=\"https:\/\/www.ohchr.org\/FR\/ProfessionalInterest\/Pages\/DetentionOrImprisonment.aspx\">principe 24 de\u00a0l&rsquo;Ensemble de principes pour la protection de toutes les personnes soumises \u00e0 une forme quelconque de d\u00e9tention ou d&#8217;emprisonnement<\/a>\u00a0\u00bb, ont d\u00e9nonc\u00e9 les experts onusiens dans un communiqu\u00e9 rendu public, hier mardi.\u00a0<\/p>\n<p>Le Groupe de travail avait d\u00e9j\u00e0 jug\u00e9 \u00ab comme arbitraire et contraire au Pacte international relatif aux droits civils et politiques\u00a0\u00bb, une pr\u00e9c\u00e9dente p\u00e9riode de d\u00e9tention, en 2015,\u00a0et avait \u00ab\u00a0demand\u00e9 sa lib\u00e9ration imm\u00e9diate\u00a0\u00bb.<\/p>\n<p>Les quatre experts se sont ainsi d\u00e9clar\u00e9s \u00ab\u00a0alarm\u00e9s par les faits rapport\u00e9s\u00a0\u00bb et regrettent \u00ab\u00a0l&rsquo;absence de mise en \u0153uvre de l&rsquo;avis du Groupe de travail sur la pr\u00e9c\u00e9dente d\u00e9tention arbitraire de M. Fekhar\u00a0\u00bb.<\/p>\n<p>Ces derniers estiment \u00e9galement \u00ab\u00a0tr\u00e8s inqui\u00e9tant\u00a0(le fait ndlr) que\u00a0les autorit\u00e9s alg\u00e9riennes, apr\u00e8s avoir lib\u00e9r\u00e9 M. Fekhar, n&rsquo;aient pas respect\u00e9 les garanties de non-r\u00e9p\u00e9tition de la d\u00e9tention arbitraire d&rsquo;un d\u00e9fenseur des droits de l\u2019homme\u00a0\u00bb.<\/p>\n<p class=\"c10\"><strong>Sihem Benmalek<\/strong><\/p>\n<\/div>\n<p>Auteur:<br \/>\n<a href=\"https:\/\/www.liberte-algerie.com\/actualite\/des-experts-de-lonu-inquiets-et-alarmes-318202\">Cliquez ici pour lire l&rsquo;article depuis sa source.<\/a><\/p>\n","protected":false},"excerpt":{"rendered":"<p>Des experts des Nations Unies se disent alarm\u00e9s par la mort en d\u00e9tention de Kamel-Eddine Fekhar, apr\u00e8s une gr\u00e8ve de la faim de 53 jours. \u00ab\u00a0Nous sommes particuli\u00e8rement pr\u00e9occup\u00e9s par le fait que les soins n\u00e9cessaires n&rsquo;ont pas \u00e9t\u00e9 prodigu\u00e9s \u00e0 M. Fekhar, alors qu\u2019il \u00e9tait sous l\u2019autorit\u00e9 p\u00e9nitentiaire, ce qui est contraire au principe [&hellip;]<\/p>\n","protected":false},"author":1742,"featured_media":0,"comment_status":"closed","ping_status":"closed","sticky":false,"template":"","format":"standard","meta":{"fifu_image_url":"","fifu_image_alt":"","footnotes":""},"categories":[73,53],"tags":[],"class_list":["post-41458","post","type-post","status-publish","format-standard","hentry","category-actualite","category-algerie"],"_links":{"self":[{"href":"https:\/\/linitiative.ca\/International\/wp-json\/wp\/v2\/posts\/41458","targetHints":{"allow":["GET"]}}],"collection":[{"href":"https:\/\/linitiative.ca\/International\/wp-json\/wp\/v2\/posts"}],"about":[{"href":"https:\/\/linitiative.ca\/International\/wp-json\/wp\/v2\/types\/post"}],"author":[{"embeddable":true,"href":"https:\/\/linitiative.ca\/International\/wp-json\/wp\/v2\/users\/1742"}],"replies":[{"embeddable":true,"href":"https:\/\/linitiative.ca\/International\/wp-json\/wp\/v2\/comments?post=41458"}],"version-history":[{"count":0,"href":"https:\/\/linitiative.ca\/International\/wp-json\/wp\/v2\/posts\/41458\/revisions"}],"wp:attachment":[{"href":"https:\/\/linitiative.ca\/International\/wp-json\/wp\/v2\/media?parent=41458"}],"wp:term":[{"taxonomy":"category","embeddable":true,"href":"https:\/\/linitiative.ca\/International\/wp-json\/wp\/v2\/categories?post=41458"},{"taxonomy":"post_tag","embeddable":true,"href":"https:\/\/linitiative.ca\/International\/wp-json\/wp\/v2\/tags?post=41458"}],"curies":[{"name":"wp","href":"https:\/\/api.w.org\/{rel}","templated":true}]}}