{"id":41459,"date":"2019-06-19T08:30:00","date_gmt":"2019-06-19T12:30:00","guid":{"rendered":"https:\/\/linitiative.ca\/International\/le-proces-de-kamel-el-boucher-reporte-pour-la-seconde-fois\/"},"modified":"2019-06-19T08:30:00","modified_gmt":"2019-06-19T12:30:00","slug":"le-proces-de-kamel-el-boucher-reporte-pour-la-seconde-fois","status":"publish","type":"post","link":"https:\/\/linitiative.ca\/International\/le-proces-de-kamel-el-boucher-reporte-pour-la-seconde-fois\/","title":{"rendered":"Le proc\u00e8s de Kamel El Boucher report\u00e9 pour la seconde fois"},"content":{"rendered":"<div id=\"originalText\" readability=\"58\">\n<p>Le juge au p\u00f4le p\u00e9nal sp\u00e9cialis\u00e9 dans les\u00a0 affaires de corruption pr\u00e8s le Tribunal de Sidi M&rsquo;hamed (Alger) a d\u00e9cid\u00e9,\u00a0 mercredi, de reporter, au 3 juillet, le proc\u00e8s de l&rsquo;homme d&rsquo;affaires Kamel\u00a0 Chikhi, dit \u00abEl boucher\u00bb,\u00a0 pour \u00ababsence de t\u00e9moins\u00bb, rapporte l\u2019APS.<\/p>\n<p>Le juge de l&rsquo;application des peines pr\u00e8s le m\u00eame tribunal avait d\u00e9cid\u00e9, le\u00a0 22 mai dernier, de reporter le proc\u00e8s de cette affaire li\u00e9e aux documents, livrets fonciers et actes de propri\u00e9t\u00e9 relatifs \u00e0 la soci\u00e9t\u00e9 de \u00abKamel El\u00a0 boucher\u00bb, rappelle l\u2019APS.<\/p>\n<p>Le pr\u00e9venu Kamel Chikhi, en d\u00e9tention provisoire, a comparu avec 12 autres\u00a0 accus\u00e9s, devant le Tribunal de Sidi M&rsquo;hamed dans 4 affaires, dont celle de\u00a0 trafic de coca\u00efne qui \u00abn&rsquo;est pas encore enr\u00f4l\u00e9e\u00bb, selon une source judiciaire cit\u00e9e toujours par l\u2019agence de presse officielle.<\/p>\n<p class=\"c10\"><strong>R\u00e9daction Web<\/strong><\/p>\n<\/div>\n<div id=\"text_core\" readability=\"58\">\n<p>Le juge au p\u00f4le p\u00e9nal sp\u00e9cialis\u00e9 dans les\u00a0 affaires de corruption pr\u00e8s le Tribunal de Sidi M&rsquo;hamed (Alger) a d\u00e9cid\u00e9,\u00a0 mercredi, de reporter, au 3 juillet, le proc\u00e8s de l&rsquo;homme d&rsquo;affaires Kamel\u00a0 Chikhi, dit \u00abEl boucher\u00bb,\u00a0 pour \u00ababsence de t\u00e9moins\u00bb, rapporte l\u2019APS.<\/p>\n<p>Le juge de l&rsquo;application des peines pr\u00e8s le m\u00eame tribunal avait d\u00e9cid\u00e9, le\u00a0 22 mai dernier, de reporter le proc\u00e8s de cette affaire li\u00e9e aux documents, livrets fonciers et actes de propri\u00e9t\u00e9 relatifs \u00e0 la soci\u00e9t\u00e9 de \u00abKamel El\u00a0 boucher\u00bb, rappelle l\u2019APS.<\/p>\n<p>Le pr\u00e9venu Kamel Chikhi, en d\u00e9tention provisoire, a comparu avec 12 autres\u00a0 accus\u00e9s, devant le Tribunal de Sidi M&rsquo;hamed dans 4 affaires, dont celle de\u00a0 trafic de coca\u00efne qui \u00abn&rsquo;est pas encore enr\u00f4l\u00e9e\u00bb, selon une source judiciaire cit\u00e9e toujours par l\u2019agence de presse officielle.<\/p>\n<p class=\"c10\"><strong>R\u00e9daction Web<\/strong><\/p>\n<\/div>\n<p>Auteur:<br \/>\n<a href=\"https:\/\/www.liberte-algerie.com\/actualite\/le-proces-de-kamel-el-boucher-reporte-pour-la-seconde-fois-318203\">Cliquez ici pour lire l&rsquo;article depuis sa source.<\/a><\/p>\n","protected":false},"excerpt":{"rendered":"<p>Le juge au p\u00f4le p\u00e9nal sp\u00e9cialis\u00e9 dans les\u00a0 affaires de corruption pr\u00e8s le Tribunal de Sidi M&rsquo;hamed (Alger) a d\u00e9cid\u00e9,\u00a0 mercredi, de reporter, au 3 juillet, le proc\u00e8s de l&rsquo;homme d&rsquo;affaires Kamel\u00a0 Chikhi, dit \u00abEl boucher\u00bb,\u00a0 pour \u00ababsence de t\u00e9moins\u00bb, rapporte l\u2019APS. Le juge de l&rsquo;application des peines pr\u00e8s le m\u00eame tribunal avait d\u00e9cid\u00e9, le\u00a0 [&hellip;]<\/p>\n","protected":false},"author":1742,"featured_media":0,"comment_status":"closed","ping_status":"closed","sticky":false,"template":"","format":"standard","meta":{"fifu_image_url":"","fifu_image_alt":"","footnotes":""},"categories":[73,53],"tags":[],"class_list":["post-41459","post","type-post","status-publish","format-standard","hentry","category-actualite","category-algerie"],"_links":{"self":[{"href":"https:\/\/linitiative.ca\/International\/wp-json\/wp\/v2\/posts\/41459","targetHints":{"allow":["GET"]}}],"collection":[{"href":"https:\/\/linitiative.ca\/International\/wp-json\/wp\/v2\/posts"}],"about":[{"href":"https:\/\/linitiative.ca\/International\/wp-json\/wp\/v2\/types\/post"}],"author":[{"embeddable":true,"href":"https:\/\/linitiative.ca\/International\/wp-json\/wp\/v2\/users\/1742"}],"replies":[{"embeddable":true,"href":"https:\/\/linitiative.ca\/International\/wp-json\/wp\/v2\/comments?post=41459"}],"version-history":[{"count":0,"href":"https:\/\/linitiative.ca\/International\/wp-json\/wp\/v2\/posts\/41459\/revisions"}],"wp:attachment":[{"href":"https:\/\/linitiative.ca\/International\/wp-json\/wp\/v2\/media?parent=41459"}],"wp:term":[{"taxonomy":"category","embeddable":true,"href":"https:\/\/linitiative.ca\/International\/wp-json\/wp\/v2\/categories?post=41459"},{"taxonomy":"post_tag","embeddable":true,"href":"https:\/\/linitiative.ca\/International\/wp-json\/wp\/v2\/tags?post=41459"}],"curies":[{"name":"wp","href":"https:\/\/api.w.org\/{rel}","templated":true}]}}