{"id":41471,"date":"2019-06-19T10:28:19","date_gmt":"2019-06-19T14:28:19","guid":{"rendered":"https:\/\/linitiative.ca\/International\/lutte-contre-les-feux-de-forets-a-batna-un-enjeu-pour-les-pouvoirs-publics\/"},"modified":"2019-06-19T10:28:19","modified_gmt":"2019-06-19T14:28:19","slug":"lutte-contre-les-feux-de-forets-a-batna-un-enjeu-pour-les-pouvoirs-publics","status":"publish","type":"post","link":"https:\/\/linitiative.ca\/International\/lutte-contre-les-feux-de-forets-a-batna-un-enjeu-pour-les-pouvoirs-publics\/","title":{"rendered":"Lutte contre les feux de for\u00eats \u00e0 Batna, un enjeu pour les pouvoirs publics"},"content":{"rendered":"<div>\n<div class=\"K2FeedImage\"><img decoding=\"async\" src=\"http:\/\/www.aps.dz\/media\/k2\/items\/cache\/83ff17998d274e454c9809cfadb06442_S.jpg\" alt=\"Lutte contre les feux de for\u00eats \u00e0 Batna, un enjeu pour les pouvoirs publics\"><\/div>\n<div class=\"K2FeedIntroText\">\n<p><strong>BATNA &#8211; Premi\u00e8re \u00e0 l&rsquo;\u00e9chelle nationale avec 327.180 hectares de domaine forestier, la wilaya de Batna mobilise tous les moyens pour pr\u00e9server son patrimoine contre la menace des incendies, dont la recrudescence ces derni\u00e8res ann\u00e9es a suscit\u00e9 un int\u00e9r\u00eat particulier des autorit\u00e9s locales.<\/strong><\/p>\n<\/div>\n<div class=\"K2FeedFullText\">\n<p>L&rsquo;\u00e9tendu forestier de la wilaya de Batna, avec ceux des trois wilayas voisines de Khenchela, Oum El Bouaghi et Biskra, constituent la r\u00e9gion des Aur\u00e8s. Il repr\u00e9sente le quart de la superficie des for\u00eats d&rsquo;Alg\u00e9rie, c&rsquo;est pourquoi sa protection rev\u00eat des consid\u00e9rations d&rsquo;int\u00e9r\u00eat national.<\/p>\n<hr>\n<h3>Lire aussi:\u00a0<a href=\"http:\/\/www.aps.dz\/regions\/90765-batna-atelier-de-formation-de-formateurs-a-l-enquete-sur-les-causes-des-incendies-de-forets\" target=\"_blank\" rel=\"noopener noreferrer\">Batna: atelier de formation de formateurs \u00e0 l\u2019enqu\u00eate sur les causes des incendies de for\u00eats<\/a><\/h3>\n<hr>\n<p>\u00ab\u00a0Les for\u00eats de Batna couvrent 27% de la superficie globale et tirent aussi leur importance des vastes peuplements des deux essences tr\u00e8s rares que sont le c\u00e8dre de l&rsquo;Atlas et le gen\u00e9vrier thurif\u00e8re, ainsi que des formations de pins d&rsquo;Alep, de ch\u00eanes verts et d&rsquo;ormes\u00a0\u00bb, a expliqu\u00e9 \u00e0 l&rsquo;APS Walid Beladehane, chef du service de protection de la flore et de la faune \u00e0 la Conservation de wilaya des for\u00eats.<\/p>\n<p>Et d&rsquo;ajouter : \u00ab\u00a0Ce patrimoine se r\u00e9partit sur les cinq principaux massifs que sont Belezma, Bouarif, B\u00e9ni Fedhala\/Zekak et B\u00e9ni Melloul. Ce dernier massif renferme la plus vaste pin\u00e8de (for\u00eat de pins) d&rsquo;Alg\u00e9rie s&rsquo;\u00e9tendant sur 70.000 hectares chevauchant les trois wilayas de Batna, Khenchela et Biskra\u00a0\u00bb.<\/p>\n<p>\u00a0<\/p>\n<p style=\"text-align: center;\"><strong>Prot\u00e9ger l&rsquo;espace forestier&#8230;tous les moyens d\u00e9ploy\u00e9s<\/strong><\/p>\n<p>\u00a0<\/p>\n<p>En d\u00e9pit des efforts des services des for\u00eats et du parc de Belezma, et des actions de sensibilisation men\u00e9es aupr\u00e8s des riverains, des surfaces non n\u00e9gligeables de cet espace forestier vital de Batna sont annuellement la proie d&rsquo;incendies, dont beaucoup demeurent class\u00e9s d&rsquo;origine inconnue, a-t-on d\u00e9plor\u00e9.<\/p>\n<p>\u00ab\u00a0Durant l&rsquo;ann\u00e9e 2018, Batna a \u00e9t\u00e9 plac\u00e9e en haut du sinistre tableau des wilayas la plus affect\u00e9es par les incendies avec une aire de 362 hectares d\u00e9vast\u00e9e par un seul feu d\u00e9clar\u00e9 dans la for\u00eat de Bouarif, dont la circonscription avait n\u00e9cessit\u00e9 quatre jours de lutte ininterrompue\u00a0\u00bb, a rappel\u00e9 M. Beladehane.<\/p>\n<p>Le responsable a relev\u00e9 que dans le cadre de sa mission de lutte contre les feux de for\u00eats, la Conservation des for\u00eats a pris l&rsquo;initiative en juin 2015 de mettre sur pied une colonne mobile de protection de la for\u00eat de B\u00e9ni Melloul (commune de Kimel), le grand peuplement de pins d&rsquo;Alep d&rsquo;Alg\u00e9rie, qui s&rsquo;\u00e9tend sur 70.000 hectares entre Batna, Biskra et Khenchela.<\/p>\n<p>\u00ab\u00a0L&rsquo;initiative a permis une meilleure c\u00e9l\u00e9rit\u00e9 dans l&rsquo;intervention en cas d&rsquo;incendie et a contribu\u00e9 \u00e0 concr\u00e9tiser une approche participative de la protection de ce vaste patrimoine \u00e0 travers un contact permanent avec les riverains\u00a0\u00bb, a-t-on assur\u00e9 \u00e0 la Conservation des for\u00eats.<\/p>\n<hr>\n<h3>Lire aussi:\u00a0<a href=\"http:\/\/www.aps.dz\/algerie\/90759-4-projets-de-decrets-relatifs-aux-regles-generales-de-prevention-des-risques-d-incendie-et-de-panique\" target=\"_blank\" rel=\"noopener noreferrer\">4 projets de d\u00e9crets relatifs aux r\u00e8gles g\u00e9n\u00e9rales de pr\u00e9vention des risques d&rsquo;incendie et de panique<\/a><\/h3>\n<hr>\n<p>En 2017, la Conservation des for\u00eats de Batna a d\u00e9cid\u00e9 de cr\u00e9er une brigade mixte compos\u00e9e d&rsquo;agents forestiers, d&rsquo;\u00e9l\u00e9ments de la Protection civile et des gendarmes pour conjuguer les efforts dans la lutte contre les incendies, mais aussi la coupe illicite d&rsquo;arbres et le braconnage qui cible la gazelle de l&rsquo;Atlas, a ajout\u00e9 M. Beladehane.<\/p>\n<p>De son c\u00f4t\u00e9, le directeur de l&rsquo;Ecole nationale des for\u00eats, Othmane Briki, a relev\u00e9 que la cr\u00e9ation de cet \u00e9tablissement dans la capitale des Aur\u00e8s est un autre \u00ab\u00a0indicateur fort\u00a0\u00bb de la strat\u00e9gie de pr\u00e9servation du patrimoine forestier.<\/p>\n<p>\u00ab\u00a0L&rsquo;Ecole accueille des stages de formation du personnel du secteur des for\u00eats et autres secteurs proches, autour de divers th\u00e8mes ax\u00e9s notamment sur la lutte contre les incendies de for\u00eats et la protection de cette richesse\u00a0\u00bb, a indiqu\u00e9 le responsable.<\/p>\n<p>Et de poursuivre : \u00ab\u00a0Au cours de cette ann\u00e9e, le parc national de Belezma a b\u00e9n\u00e9fici\u00e9 d&rsquo;un projet financ\u00e9 par l&rsquo;Union europ\u00e9enne pour la mise sur pied d&rsquo;un observatoire et d&rsquo;un r\u00e9seau de surveillance de la biodiversit\u00e9 ainsi que pour la cr\u00e9ation d&rsquo;un mus\u00e9e des sciences naturelles. Ce sont autant de projets qui contribueront \u00e0 entretenir cette richesse foresti\u00e8re unique dans les Aur\u00e8s\u00a0\u00bb.<\/p>\n<\/div>\n<\/div>\n<p>Auteur:<br \/>\n<a href=\"http:\/\/www.aps.dz\/regions\/90839-lutte-contre-les-feux-de-forets-a-batna-un-enjeu-pour-les-pouvoirs-publics\">Cliquez ici pour lire l&rsquo;article depuis sa source.<\/a><\/p>\n","protected":false},"excerpt":{"rendered":"<p>BATNA &#8211; Premi\u00e8re \u00e0 l&rsquo;\u00e9chelle nationale avec 327.180 hectares de domaine forestier, la wilaya de Batna mobilise tous les moyens pour pr\u00e9server son patrimoine contre la menace des incendies, dont la recrudescence ces derni\u00e8res ann\u00e9es a suscit\u00e9 un int\u00e9r\u00eat particulier des autorit\u00e9s locales. L&rsquo;\u00e9tendu forestier de la wilaya de Batna, avec ceux des trois wilayas [&hellip;]<\/p>\n","protected":false},"author":1790,"featured_media":41472,"comment_status":"closed","ping_status":"closed","sticky":false,"template":"","format":"standard","meta":{"fifu_image_url":"","fifu_image_alt":"","footnotes":""},"categories":[53,76],"tags":[],"class_list":["post-41471","post","type-post","status-publish","format-standard","has-post-thumbnail","hentry","category-algerie","category-regions"],"_links":{"self":[{"href":"https:\/\/linitiative.ca\/International\/wp-json\/wp\/v2\/posts\/41471","targetHints":{"allow":["GET"]}}],"collection":[{"href":"https:\/\/linitiative.ca\/International\/wp-json\/wp\/v2\/posts"}],"about":[{"href":"https:\/\/linitiative.ca\/International\/wp-json\/wp\/v2\/types\/post"}],"author":[{"embeddable":true,"href":"https:\/\/linitiative.ca\/International\/wp-json\/wp\/v2\/users\/1790"}],"replies":[{"embeddable":true,"href":"https:\/\/linitiative.ca\/International\/wp-json\/wp\/v2\/comments?post=41471"}],"version-history":[{"count":0,"href":"https:\/\/linitiative.ca\/International\/wp-json\/wp\/v2\/posts\/41471\/revisions"}],"wp:featuredmedia":[{"embeddable":true,"href":"https:\/\/linitiative.ca\/International\/wp-json\/"}],"wp:attachment":[{"href":"https:\/\/linitiative.ca\/International\/wp-json\/wp\/v2\/media?parent=41471"}],"wp:term":[{"taxonomy":"category","embeddable":true,"href":"https:\/\/linitiative.ca\/International\/wp-json\/wp\/v2\/categories?post=41471"},{"taxonomy":"post_tag","embeddable":true,"href":"https:\/\/linitiative.ca\/International\/wp-json\/wp\/v2\/tags?post=41471"}],"curies":[{"name":"wp","href":"https:\/\/api.w.org\/{rel}","templated":true}]}}