{"id":41479,"date":"2019-06-18T14:35:43","date_gmt":"2019-06-18T18:35:43","guid":{"rendered":"https:\/\/linitiative.ca\/International\/migration-clandestine-4-suspects-arretes-a-nador\/"},"modified":"2019-06-18T14:35:43","modified_gmt":"2019-06-18T18:35:43","slug":"migration-clandestine-4-suspects-arretes-a-nador","status":"publish","type":"post","link":"https:\/\/linitiative.ca\/International\/migration-clandestine-4-suspects-arretes-a-nador\/","title":{"rendered":"Migration clandestine: 4 suspects arr\u00eat\u00e9s \u00e0 Nador"},"content":{"rendered":"<div class=\"single-featured\"><img alt=\"\" data-src=\"http:\/\/www.mapoujda.ma\/map\/uploads\/2019\/03\/\u0627\u0644\u0645\u062f\u064a\u0631\u064a\u0629-\u0627\u0644\u0639\u0627\u0645\u0629-\u0644\u0644\u0623\u0645\u0646-\u0627\u0644\u0648\u0637\u0646\u064a.jpg\"\/><\/div>\n<div class=\"single-post-excerpt post-excerpt-bc\" readability=\"37\">\n<p>Le service pr\u00e9fectoral de la police judiciaire de Nador a arr\u00eat\u00e9 mardi matin, en coordination avec les services de la Gendarmerie Royale et sur la base d\u2019informations pr\u00e9cises fournies par les services de la Direction g\u00e9n\u00e9rale de la surveillance du territoire, quatre individus pour leurs liens pr\u00e9sum\u00e9s avec un r\u00e9seau criminel actif dans l\u2019organisation de la migration clandestine et la traite humaine.<\/p>\n<\/div>\n<div class=\"entry-content clearfix single-post-content\" readability=\"58\">\n<p>Selon un communiqu\u00e9 de la Direction g\u00e9n\u00e9rale de la s\u00fbret\u00e9 nationale (DGSN), les recherches et investigations se sont sold\u00e9es par l\u2019arrestation du conducteur d\u2019un\u00a0camion charg\u00e9 de fourrages au niveau de la station de p\u00e9age de l\u2019autoroute, \u00e0 l\u2019entr\u00e9e de la ville de Guercif, avec \u00e0 son bord deux embarcations pneumatiques qui devraient \u00eatres port\u00e9es aux c\u00f4tes de Nador, pour organiser des op\u00e9rations de migration clandestine.<\/p>\n<p>Trois autres individus ont \u00e9t\u00e9 arr\u00eat\u00e9s dans la r\u00e9gion de\u00a0Tiztoutine aux environs d\u2019Al Aroui, pour leur implication pr\u00e9sum\u00e9e dans l\u2019organisation d\u2019op\u00e9rations de migration ill\u00e9gale \u00e0 travers des voies maritimes, pr\u00e9cise le communiqu\u00e9.<\/p>\n<p>Les investigations r\u00e9alis\u00e9es dans le cadre de cette affaire ont permis la saisie du camion et des deux embarcations, ainsi que trois voitures portant des plaques d\u2019immatriculation falsifi\u00e9es qui devraient servir \u00e0 des activit\u00e9s criminelles, a fait savoir la m\u00eame source.<\/p>\n<p>Les mis en cause ont \u00e9t\u00e9 plac\u00e9s en garde \u00e0 vue pour les besoins de l\u2019enqu\u00eate men\u00e9e sous la supervision du parquet comp\u00e9tent,\u00a0afin d\u2019identifier toutes les personnes impliqu\u00e9es dans cette affaire et de d\u00e9terminer les extensions potentielles nationales et internationales de ce r\u00e9seau criminel impliqu\u00e9 dans des activit\u00e9s ill\u00e9gales, a conclu la DGSN.<\/p>\n<\/div>\n<p>Auteur: Soufiane ELAHMAR<br \/>\n<a href=\"http:\/\/www.mapoujda.ma\/fr\/4-membres-presumes-dun-reseau-dimmigration-clandestine-arretes\/\">Cliquez ici pour lire l&rsquo;article depuis sa source.<\/a><\/p>\n","protected":false},"excerpt":{"rendered":"<p>Le service pr\u00e9fectoral de la police judiciaire de Nador a arr\u00eat\u00e9 mardi matin, en coordination avec les services de la Gendarmerie Royale et sur la base d\u2019informations pr\u00e9cises fournies par les services de la Direction g\u00e9n\u00e9rale de la surveillance du territoire, quatre individus pour leurs liens pr\u00e9sum\u00e9s avec un r\u00e9seau criminel actif dans l\u2019organisation de [&hellip;]<\/p>\n","protected":false},"author":1788,"featured_media":41480,"comment_status":"closed","ping_status":"closed","sticky":false,"template":"","format":"standard","meta":{"fifu_image_url":"","fifu_image_alt":"","footnotes":""},"categories":[54,76],"tags":[],"class_list":["post-41479","post","type-post","status-publish","format-standard","has-post-thumbnail","hentry","category-maroc","category-regions"],"_links":{"self":[{"href":"https:\/\/linitiative.ca\/International\/wp-json\/wp\/v2\/posts\/41479","targetHints":{"allow":["GET"]}}],"collection":[{"href":"https:\/\/linitiative.ca\/International\/wp-json\/wp\/v2\/posts"}],"about":[{"href":"https:\/\/linitiative.ca\/International\/wp-json\/wp\/v2\/types\/post"}],"author":[{"embeddable":true,"href":"https:\/\/linitiative.ca\/International\/wp-json\/wp\/v2\/users\/1788"}],"replies":[{"embeddable":true,"href":"https:\/\/linitiative.ca\/International\/wp-json\/wp\/v2\/comments?post=41479"}],"version-history":[{"count":0,"href":"https:\/\/linitiative.ca\/International\/wp-json\/wp\/v2\/posts\/41479\/revisions"}],"wp:featuredmedia":[{"embeddable":true,"href":"https:\/\/linitiative.ca\/International\/wp-json\/"}],"wp:attachment":[{"href":"https:\/\/linitiative.ca\/International\/wp-json\/wp\/v2\/media?parent=41479"}],"wp:term":[{"taxonomy":"category","embeddable":true,"href":"https:\/\/linitiative.ca\/International\/wp-json\/wp\/v2\/categories?post=41479"},{"taxonomy":"post_tag","embeddable":true,"href":"https:\/\/linitiative.ca\/International\/wp-json\/wp\/v2\/tags?post=41479"}],"curies":[{"name":"wp","href":"https:\/\/api.w.org\/{rel}","templated":true}]}}