{"id":41481,"date":"2019-06-18T17:24:30","date_gmt":"2019-06-18T21:24:30","guid":{"rendered":"https:\/\/linitiative.ca\/International\/saidia-le-11e-salon-regional-du-livre-du-8-au-14-juillet\/"},"modified":"2019-06-18T17:24:30","modified_gmt":"2019-06-18T21:24:30","slug":"saidia-le-11e-salon-regional-du-livre-du-8-au-14-juillet","status":"publish","type":"post","link":"https:\/\/linitiative.ca\/International\/saidia-le-11e-salon-regional-du-livre-du-8-au-14-juillet\/","title":{"rendered":"Sa\u00efdia: Le 11\u00e8 Salon r\u00e9gional du livre, du 8 au 14 juillet"},"content":{"rendered":"<div readability=\"38\">\n<p>Le minist\u00e8re de la Culture et de la communication \u2013 secteur de la Culture organise, du 8 au 14 juillet prochain \u00e0 Sa\u00efdia (province de Berkane), la 11\u00e8me \u00e9dition du Salon r\u00e9gional du livre, sous le th\u00e8me \u00abLes zones frontali\u00e8res, espace de rencontre et de coexistence\u00bb.<\/p>\n<\/div>\n<div readability=\"79\">\n<p>Ce rendez-vous culturel s\u2019inscrit dans le cadre des efforts du minist\u00e8re de la Culture et de la communication visant \u00e0 promouvoir la lecture au sein de l\u2019ensemble des cat\u00e9gories de la population, indique un communiqu\u00e9 de la direction r\u00e9gionale du minist\u00e8re.<\/p>\n<p>Ce salon a aussi pour objectif d\u2019enrichir le programme culturel et artistique estival dans la \u00abPerle bleue\u00bb, encourager les estivants \u00e0 la lecture et faire connaitre aux visiteurs de la ville, notamment les Marocains r\u00e9sidant \u00e0 l\u2019\u00e9tranger, la production culturelle nationale, pr\u00e9cise le communiqu\u00e9.<\/p>\n<p>En parall\u00e8le avec l\u2019exposition de livres, cette \u00e9dition, anim\u00e9e par plusieurs \u00e9diteurs, intellectuels, \u00e9crivains et artistes, comprend \u00e9galement des colloques, des ateliers et des activit\u00e9s artistiques, en plus de rencontres de signature de diff\u00e9rents ouvrages, notamment des recueils de po\u00e9sie, des romans et des recueils de nouvelles.<\/p>\n<p>Cet \u00e9v\u00e9nement propose, en effet, un programme culturel diversifi\u00e9, notamment une exposition d\u2019art plastique, des soir\u00e9es po\u00e9tiques et des ateliers th\u00e9matiques, dont un atelier d\u00e9di\u00e9 aux enfants et d\u2019autres d\u00e9di\u00e9s au dessin et au cin\u00e9ma.<\/p>\n<p>De m\u00eame, des \u00e9crivains et critiques litt\u00e9raires de la r\u00e9gion de l\u2019Oriental animeront un colloque pour examiner l\u2019\u00e9tat des lieux de la cr\u00e9ation litt\u00e9raire dans cette r\u00e9gion, en particulier dans la po\u00e9sie, le roman, la nouvelle et le th\u00e9\u00e2tre.<\/p>\n<p>Le programme de cette \u00e9dition pr\u00e9voit aussi un colloque sur le th\u00e8me \u00abLa province de Berkane \u00e0 la lumi\u00e8re des d\u00e9couvertes arch\u00e9ologiques et des enjeux du d\u00e9veloppement\u00bb et un atelier-d\u00e9bat sur le th\u00e8me \u00abLes zones frontali\u00e8res comme espace de coop\u00e9ration culturelle\u00bb.<\/p>\n<\/div>\n<p>Auteur: Soufiane ELAHMAR<br \/>\n<a href=\"http:\/\/www.mapoujda.ma\/fr\/saidia-le-11e-salon-regional-du-livre-du-8-au-14-juillet\/\">Cliquez ici pour lire l&rsquo;article depuis sa source.<\/a><\/p>\n","protected":false},"excerpt":{"rendered":"<p>Le minist\u00e8re de la Culture et de la communication \u2013 secteur de la Culture organise, du 8 au 14 juillet prochain \u00e0 Sa\u00efdia (province de Berkane), la 11\u00e8me \u00e9dition du Salon r\u00e9gional du livre, sous le th\u00e8me \u00abLes zones frontali\u00e8res, espace de rencontre et de coexistence\u00bb. Ce rendez-vous culturel s\u2019inscrit dans le cadre des efforts [&hellip;]<\/p>\n","protected":false},"author":1788,"featured_media":0,"comment_status":"closed","ping_status":"closed","sticky":false,"template":"","format":"standard","meta":{"fifu_image_url":"","fifu_image_alt":"","footnotes":""},"categories":[54,76],"tags":[],"class_list":["post-41481","post","type-post","status-publish","format-standard","hentry","category-maroc","category-regions"],"_links":{"self":[{"href":"https:\/\/linitiative.ca\/International\/wp-json\/wp\/v2\/posts\/41481","targetHints":{"allow":["GET"]}}],"collection":[{"href":"https:\/\/linitiative.ca\/International\/wp-json\/wp\/v2\/posts"}],"about":[{"href":"https:\/\/linitiative.ca\/International\/wp-json\/wp\/v2\/types\/post"}],"author":[{"embeddable":true,"href":"https:\/\/linitiative.ca\/International\/wp-json\/wp\/v2\/users\/1788"}],"replies":[{"embeddable":true,"href":"https:\/\/linitiative.ca\/International\/wp-json\/wp\/v2\/comments?post=41481"}],"version-history":[{"count":0,"href":"https:\/\/linitiative.ca\/International\/wp-json\/wp\/v2\/posts\/41481\/revisions"}],"wp:attachment":[{"href":"https:\/\/linitiative.ca\/International\/wp-json\/wp\/v2\/media?parent=41481"}],"wp:term":[{"taxonomy":"category","embeddable":true,"href":"https:\/\/linitiative.ca\/International\/wp-json\/wp\/v2\/categories?post=41481"},{"taxonomy":"post_tag","embeddable":true,"href":"https:\/\/linitiative.ca\/International\/wp-json\/wp\/v2\/tags?post=41481"}],"curies":[{"name":"wp","href":"https:\/\/api.w.org\/{rel}","templated":true}]}}