{"id":41486,"date":"2019-06-19T15:14:06","date_gmt":"2019-06-19T19:14:06","guid":{"rendered":"https:\/\/linitiative.ca\/International\/ligue-1-2-jsk-velud-on-fera-le-maximum-pour-aller-le-plus-loin-possible-en-coupe-dafrique\/"},"modified":"2019-06-19T15:14:06","modified_gmt":"2019-06-19T19:14:06","slug":"ligue-1-2-jsk-velud-on-fera-le-maximum-pour-aller-le-plus-loin-possible-en-coupe-dafrique","status":"publish","type":"post","link":"https:\/\/linitiative.ca\/International\/ligue-1-2-jsk-velud-on-fera-le-maximum-pour-aller-le-plus-loin-possible-en-coupe-dafrique\/","title":{"rendered":"Ligue 1 &amp; 2 : JSK &#8211; Velud: \u00abOn fera le maximum pour aller le plus loin possible en Coupe d\u2019Afrique\u00bb"},"content":{"rendered":"<div readability=\"32\">\n<p>Auteur : <span>L.A.<\/span> <span class=\"time\">mercredi 19 juin 2019 11:58<\/span><\/p>\n<\/div>\n<div id=\"post_core\" readability=\"42\">\n<p>Le nouvel entra\u00eeneur de la JSK, Hubert Velud, para\u00eet content de retrouver le championnat d\u2019Alg\u00e9rie o\u00f9 il a exerc\u00e9 il y a quelques ann\u00e9es. Il a \u00e9t\u00e9 l\u2019entra\u00eeneur de l\u2019ESS, l\u2019USMA et le CSC et garde toujours de bons souvenirs de ces trois formations. Avec la JSK, c\u2019est un nouveau d\u00e9fi qui l\u2019attend avec de nouveaux objectifs \u00e0 l\u2019horizon. Interrog\u00e9 sur le retour du club sur la sc\u00e8ne continentale, Velud affirme qu\u2019il mettra toute son exp\u00e9rience pour atteindre le tour le plus avanc\u00e9 de l\u2019\u00e9preuve comme il a soulign\u00e9 l\u2019importance de r\u00e9aliser une bonne pr\u00e9paration estivale \u00e0 Evian.<\/p>\n<p><strong>Publi\u00e9 dans :<\/strong> <span>JSK<\/span> <span>USMA<\/span> <span>csc<\/span> <span>ubert Velud<\/span><\/p>\n<\/div>\n<p>Auteur:<br \/>\n<a href=\"http:\/\/www.lebuteur.com\/article\/detail?titre=jsk-velud-on-fera-le-maximum-pour-aller-le-plus-loin-possible-en-coupe-dafrique&#038;id=89692&#038;utm_source=feedburner&#038;utm_medium=feed&#038;utm_campaign=Feed%3A+GalerieFArtciles+%28Les+derniers+articles++-+lebuteur.com%29\">Cliquez ici pour lire l&rsquo;article depuis sa source.<\/a><\/p>\n","protected":false},"excerpt":{"rendered":"<p>Auteur : L.A. mercredi 19 juin 2019 11:58 Le nouvel entra\u00eeneur de la JSK, Hubert Velud, para\u00eet content de retrouver le championnat d\u2019Alg\u00e9rie o\u00f9 il a exerc\u00e9 il y a quelques ann\u00e9es. Il a \u00e9t\u00e9 l\u2019entra\u00eeneur de l\u2019ESS, l\u2019USMA et le CSC et garde toujours de bons souvenirs de ces trois formations. Avec la JSK, [&hellip;]<\/p>\n","protected":false},"author":1738,"featured_media":41487,"comment_status":"closed","ping_status":"closed","sticky":false,"template":"","format":"standard","meta":{"fifu_image_url":"","fifu_image_alt":"","footnotes":""},"categories":[53,75],"tags":[],"class_list":["post-41486","post","type-post","status-publish","format-standard","has-post-thumbnail","hentry","category-algerie","category-sport"],"_links":{"self":[{"href":"https:\/\/linitiative.ca\/International\/wp-json\/wp\/v2\/posts\/41486","targetHints":{"allow":["GET"]}}],"collection":[{"href":"https:\/\/linitiative.ca\/International\/wp-json\/wp\/v2\/posts"}],"about":[{"href":"https:\/\/linitiative.ca\/International\/wp-json\/wp\/v2\/types\/post"}],"author":[{"embeddable":true,"href":"https:\/\/linitiative.ca\/International\/wp-json\/wp\/v2\/users\/1738"}],"replies":[{"embeddable":true,"href":"https:\/\/linitiative.ca\/International\/wp-json\/wp\/v2\/comments?post=41486"}],"version-history":[{"count":0,"href":"https:\/\/linitiative.ca\/International\/wp-json\/wp\/v2\/posts\/41486\/revisions"}],"wp:featuredmedia":[{"embeddable":true,"href":"https:\/\/linitiative.ca\/International\/wp-json\/"}],"wp:attachment":[{"href":"https:\/\/linitiative.ca\/International\/wp-json\/wp\/v2\/media?parent=41486"}],"wp:term":[{"taxonomy":"category","embeddable":true,"href":"https:\/\/linitiative.ca\/International\/wp-json\/wp\/v2\/categories?post=41486"},{"taxonomy":"post_tag","embeddable":true,"href":"https:\/\/linitiative.ca\/International\/wp-json\/wp\/v2\/tags?post=41486"}],"curies":[{"name":"wp","href":"https:\/\/api.w.org\/{rel}","templated":true}]}}