{"id":41488,"date":"2019-06-19T15:14:07","date_gmt":"2019-06-19T19:14:07","guid":{"rendered":"https:\/\/linitiative.ca\/International\/ligue-1-2-jsk-jean-yves-chay-affronter-nantes-ou-southampton-est-possible\/"},"modified":"2019-06-19T15:14:07","modified_gmt":"2019-06-19T19:14:07","slug":"ligue-1-2-jsk-jean-yves-chay-affronter-nantes-ou-southampton-est-possible","status":"publish","type":"post","link":"https:\/\/linitiative.ca\/International\/ligue-1-2-jsk-jean-yves-chay-affronter-nantes-ou-southampton-est-possible\/","title":{"rendered":"Ligue 1 &amp; 2 : JSK \/ Jean-Yves Chay: \u00abAffronter Nantes ou Southampton est possible\u00bb"},"content":{"rendered":"<div readability=\"32\">\n<p>Auteur : <span>Sa\u00efd Djoudi<\/span> <span class=\"time\">mercredi 19 juin 2019 11:58<\/span><\/p>\n<\/div>\n<div id=\"post_core\" readability=\"128\">\n<p>En fin d\u2019apr\u00e8s-midi, nous avons joint le nouveau directeur sportif de la JSK, Jean-Yves Chay. De retour \u00e0 la JSK pour faire partie du projet mis en place par le pr\u00e9sident Cherif Mellal, le champion d\u2019Afrique avec les Canaris, sans langue de bois, a accept\u00e9 de r\u00e9pondre \u00e0 toutes nos questions notamment concernant la venue d\u2019Hubert Velud, qui, selon lui, est un technicien exp\u00e9riment\u00e9 qui a d\u00e9j\u00e0 fait ses preuves et qui adore l\u2019Alg\u00e9rie.<\/p>\n<p><strong>Tout d\u2019abord, quel commentaire faites-vous sur l\u2019arriv\u00e9e d\u2019Hubert Velud, un entra\u00eeneur que vous connaissez parfaitement bien ?<\/strong><br \/>Effectivement, Hubert est le nouveau coach de la JSK pour les trois prochaines saisons. Je suis tr\u00e8s content de travailler avec lui. C\u2019est quelqu\u2019un de comp\u00e9tent avec un palmar\u00e8s tr\u00e8s int\u00e9ressant. Il a d\u00e9j\u00e0 fait ses preuves, que ce soit en Alg\u00e9rie ou en Afrique noire. C\u2019est quelqu\u2019un aussi qui aime beaucoup l\u2019Alg\u00e9rie, ce qui a motiv\u00e9 son choix de travailler \u00e0 la JSK.<\/p>\n<p><strong>Pensez-vous qu\u2019il soit l\u2019entra\u00eeneur pour la JSK, qui, rappelons-le, souhaiterait gagner au moins un titre la saison prochaine ?<\/strong><br \/>Oui, je suis convaincu. Velud est un choix judicieux sinon le pr\u00e9sident Mellal ne serait jamais all\u00e9 jusqu\u2019\u00e0 le contacter. J\u2019esp\u00e8re que les r\u00e9sultats suivront et que la JSK fera beaucoup mieux que la saison pass\u00e9e.<\/p>\n<p><strong>Vous avez derni\u00e8rement visit\u00e9 les installations du centre d\u2019Evian o\u00f9 le stage se d\u00e9roulera \u00e0 partir du 10 juillet prochain. Qu\u2019en pensez-vous ?<\/strong><br \/>C\u2019est un endroit que je connais parfaitement puisque j\u2019ai d\u00e9j\u00e0 entra\u00een\u00e9 l\u2019\u00e9quipe d\u2019Evian par le pass\u00e9. Je dirais qu\u2019il s\u2019agit d\u2019un centre digne d\u2019un club europ\u00e9en puisque les joueurs ne vont manquer de rien du tout. Je suis d\u00e9j\u00e0 all\u00e9 avec Ghiles Mellal et Kamel Marek pour visiter les lieux \u00e0 l\u2019issue du match amical contre le Red Star. Les dirigeants \u00e9taient vraiment enchant\u00e9s.<\/p>\n<p><strong>Est-il vrai que vous \u00eates d\u00e9sormais le nouveau directeur technique de la JSK ?<\/strong><br \/>Oui, je suis le nouveau directeur technique et sportif de la JSK. Je suis aussi le conseiller du pr\u00e9sident. Je me souviens lors du match contre le Red Star, le pr\u00e9sident Mellal m\u2019avait dit : \u00ab Coach, nous avons un avenir en commun.\u00bb Une phrase qui m\u2019a interpell\u00e9 lorsque j\u2019ai \u00e9t\u00e9 contact\u00e9. Aujourd\u2019hui, j\u2019ai plusieurs r\u00f4les \u00e0 la JSK comme suivre le projet du club qui a \u00e9t\u00e9 mis en place et veiller \u00e0 ce que tout se d\u00e9roule \u00e0 merveille. Je voudrais ajouter quelque chose\u2026<\/p>\n<p><strong>Allez-y\u2026<\/strong><br \/>Nous allons organiser le staff technique, la JSK aura un staff digne d\u2019un club europ\u00e9en avec un entra\u00eeneur en chef, un adjoint, un entra\u00eeneur des gardiens, un pr\u00e9parateur physique de haut niveau, un deuxi\u00e8me pr\u00e9parateur physique ainsi qu\u2019un analyste vid\u00e9o.<\/p>\n<p><strong>Il aura quel r\u00f4le cet analyste vid\u00e9o ?<\/strong><br \/>Il aura le r\u00f4le de filmer tous nos matchs ainsi que ceux de nos adversaires. Cela va nous permettre d\u2019avoir une bonne id\u00e9e sur les autres \u00e9quipes. Il va aussi nous aider dans le recrutement puisqu\u2019on aura la chance de voir nos prochaines cibles.<\/p>\n<p><strong>Que pensez-vous du recrutement r\u00e9alis\u00e9 jusqu\u2019\u00e0 pr\u00e9sent ?<\/strong><br \/>Nous avons recrut\u00e9 les joueurs que nous avons cibl\u00e9s. Cela a \u00e9t\u00e9 fait apr\u00e8s m\u00fbre r\u00e9flexion. Je crois que nous avons trouv\u00e9 ceux que nous voulions en attendant de finaliser avec les autres.<\/p>\n<p><strong>Et par rapport aux \u00e9trangers ?<\/strong><br \/>Comme tout le monde le sait, on n\u2019a pas le droit de recruter plus de deux joueurs, du moins jusqu\u2019\u00e0 preuve du contraire. Nous sommes en train de r\u00e9fl\u00e9chir et nous allons choisir ceux qui pourront apporter un plus.<\/p>\n<p><strong>Y a-t-il une diff\u00e9rence entre la JSK des ann\u00e9es pass\u00e9es et celle d\u2019aujourd\u2019hui ?<\/strong><br \/>Oui, \u00e7a fait 20 ans d\u00e9j\u00e0, les infrastructures ne sont plus les m\u00eames. Maintenant, la JSK aura bient\u00f4t son centre de formation, ce qui va nous permettre de lancer des jeunes, qui d\u2019ici quelques ann\u00e9es pourront aller jouer en France. Vous savez, notre objectif est d\u2019inciter les entra\u00eeneurs locaux \u00e0 assurer la rel\u00e8ve gr\u00e2ce \u00e0 ce qu\u2019on pourra laisser derri\u00e8re nous.<\/p>\n<p><strong>Avez-vous confirm\u00e9 les matchs amicaux ?<\/strong><br \/>Oui, nous avons confirm\u00e9 trois rencontres en attendant la quatri\u00e8me, qui pourrait avoir lieu contre une tr\u00e8s bonne \u00e9quipe. Comme tout le monde le sait, plusieurs \u00e9quipes europ\u00e9ennes se pr\u00e9parent \u00e0 Evian, en \u00e9t\u00e9. On pourrait donc affronter Nantes ou bien Southampton, sinon une autre \u00e9quipe.<\/p>\n<p><strong>Avec votre exp\u00e9rience et celle de Velud, pensez-vous que la JSK puisse aller loin en LDC ?<\/strong><br \/>Nous en avons parl\u00e9 lors de la r\u00e9union. Velud et moi sommes d\u00e9termin\u00e9s \u00e0 aller le plus loin possible en Ligue des champions et essayer de procurer de la joie aux supporters kabyles qui m\u00e9ritent tout le bonheur du monde.<\/p>\n<p><strong>Publi\u00e9 dans :<\/strong> <span>JSK<\/span> <span>Hubert Velud<\/span> <span>Mellal<\/span> <span>Jean-Yves Chay<\/span><\/p>\n<\/div>\n<p>Auteur:<br \/>\n<a href=\"http:\/\/www.lebuteur.com\/article\/detail?titre=jsk-jean-yves-chay-affronter-nantes-ou-southampton-est-possible&#038;id=89691&#038;utm_source=feedburner&#038;utm_medium=feed&#038;utm_campaign=Feed%3A+GalerieFArtciles+%28Les+derniers+articles++-+lebuteur.com%29\">Cliquez ici pour lire l&rsquo;article depuis sa source.<\/a><\/p>\n","protected":false},"excerpt":{"rendered":"<p>Auteur : Sa\u00efd Djoudi mercredi 19 juin 2019 11:58 En fin d\u2019apr\u00e8s-midi, nous avons joint le nouveau directeur sportif de la JSK, Jean-Yves Chay. De retour \u00e0 la JSK pour faire partie du projet mis en place par le pr\u00e9sident Cherif Mellal, le champion d\u2019Afrique avec les Canaris, sans langue de bois, a accept\u00e9 de [&hellip;]<\/p>\n","protected":false},"author":1738,"featured_media":41489,"comment_status":"closed","ping_status":"closed","sticky":false,"template":"","format":"standard","meta":{"fifu_image_url":"","fifu_image_alt":"","footnotes":""},"categories":[53,75],"tags":[],"class_list":["post-41488","post","type-post","status-publish","format-standard","has-post-thumbnail","hentry","category-algerie","category-sport"],"_links":{"self":[{"href":"https:\/\/linitiative.ca\/International\/wp-json\/wp\/v2\/posts\/41488","targetHints":{"allow":["GET"]}}],"collection":[{"href":"https:\/\/linitiative.ca\/International\/wp-json\/wp\/v2\/posts"}],"about":[{"href":"https:\/\/linitiative.ca\/International\/wp-json\/wp\/v2\/types\/post"}],"author":[{"embeddable":true,"href":"https:\/\/linitiative.ca\/International\/wp-json\/wp\/v2\/users\/1738"}],"replies":[{"embeddable":true,"href":"https:\/\/linitiative.ca\/International\/wp-json\/wp\/v2\/comments?post=41488"}],"version-history":[{"count":0,"href":"https:\/\/linitiative.ca\/International\/wp-json\/wp\/v2\/posts\/41488\/revisions"}],"wp:featuredmedia":[{"embeddable":true,"href":"https:\/\/linitiative.ca\/International\/wp-json\/"}],"wp:attachment":[{"href":"https:\/\/linitiative.ca\/International\/wp-json\/wp\/v2\/media?parent=41488"}],"wp:term":[{"taxonomy":"category","embeddable":true,"href":"https:\/\/linitiative.ca\/International\/wp-json\/wp\/v2\/categories?post=41488"},{"taxonomy":"post_tag","embeddable":true,"href":"https:\/\/linitiative.ca\/International\/wp-json\/wp\/v2\/tags?post=41488"}],"curies":[{"name":"wp","href":"https:\/\/api.w.org\/{rel}","templated":true}]}}