{"id":41490,"date":"2019-06-19T15:14:08","date_gmt":"2019-06-19T19:14:08","guid":{"rendered":"https:\/\/linitiative.ca\/International\/ligue-1-2-jsk-saib-le-depart-de-benkhelifa-une-perte-pour-la-jsk\/"},"modified":"2019-06-19T15:14:08","modified_gmt":"2019-06-19T19:14:08","slug":"ligue-1-2-jsk-saib-le-depart-de-benkhelifa-une-perte-pour-la-jsk","status":"publish","type":"post","link":"https:\/\/linitiative.ca\/International\/ligue-1-2-jsk-saib-le-depart-de-benkhelifa-une-perte-pour-la-jsk\/","title":{"rendered":"Ligue 1 &amp; 2 : JSK &#8211; Sa\u00efb: \u00abLe d\u00e9part de Benkhelifa, une perte pour la JSK\u00bb"},"content":{"rendered":"<div readability=\"32\">\n<p>Auteur : <span>Sa\u00efd D.<\/span> <span class=\"time\">mercredi 19 juin 2019 11:58<\/span><\/p>\n<\/div>\n<div id=\"post_core\" readability=\"118\">\n<p>C\u2019est officiel, le milieu de terrain, Karim Benkhelifa quittera la JSK. Pr\u00eat\u00e9 une saison par le PAC, le club alg\u00e9rois, aux derni\u00e8res nouvelles, refuse de le pr\u00eater pour une saison suppl\u00e9mentaire, m\u00eame si le joueur souhaitait poursuivre son aventure avec les Canaris, apr\u00e8s avoir rencontr\u00e9 Zetchi pour lui faire savoir qu\u2019il aimerait jouer la Ligue des Champions avec les Jaune et Vert. H\u00e9las, la direction du PAC a rejet\u00e9 la demande du joueur, vu les relations tendues avec le pr\u00e9sident Ch\u00e9tif Mellal. Parti en vacances, Benkhelifa devrait rencontrer dans les prochaines heures les dirigeants du PAC pour tenter de les convaincre une \u00e9ni\u00e8me fois, avant de trancher son avenir. Lors de l\u2019\u00e9mission ADDAL+ diffus\u00e9e chaque lundi sur Berb\u00e8re TV, l\u2019ancien meneur de jeu, Moussa Sa\u00efb, a saisi l\u2019opportunit\u00e9 pour \u00e9mettre son avis, lui qui estime que Benkhelifa est une valeur s\u00fbre et que son d\u00e9part sera une perte pour la JSK : \u00abSinc\u00e8rement, Benkhelifa est un tr\u00e8s bon joueur qui, en une saison, a prouv\u00e9 qu\u2019il est l\u2019un des meilleurs \u00e0 son poste. Son d\u00e9part est une grosse perte pour le club kabyle, car ce serait difficile de lui trouver un rempla\u00e7ant.\u00bb<\/p>\n<p><strong>\u00abC\u2019\u00e9tait un vrai poumon au milieu\u00bb<\/strong><br \/>Quant aux qualit\u00e9s de ce jeune milieu de terrain, Moussa Sa\u00efb, qui a suivi pratiquement tous les matchs de la JSK cette saison, estime que le Paciste \u00e9tait un vrai poumon au milieu du terrain : \u00abD\u00e8s le d\u00e9but de saison, Karim Benkhelifa est parvenu \u00e0 s\u2019imposer. Il a jou\u00e9 pratiquement toutes les rencontres. C\u2019\u00e9tait un vrai poumon au milieu du terrain. On aurait tous aim\u00e9 le voir continuer son aventure avec la JSK, car sa mani\u00e8re de jouer plaide pour lui.\u00bb<\/p>\n<p><strong>\u00abIl ne devrait pas g\u00e2cher le souhait du joueur\u00bb<\/strong><br \/>Comme tout le monde le sait, m\u00eame avec le refus du PAC de prolonger le pr\u00eat de son \u00e9l\u00e9ment \u00e0 la JSK, ce dernier s\u2019est quand m\u00eame battu, en sollicitant son pr\u00e9sident de poursuivre son aventure avec les Jaune et Vert et participer \u00e0 la prochaine \u00e9dition de la Ligue des champions. Selon Sa\u00efb, le PAC devait laisser le joueur faire son choix : \u00abFranchement, parfois il faut r\u00e9pondre favorablement \u00e0 une demande d\u2019un joueur. Benkhelifa se sent bien \u00e0 la JSK et souhaite continuer son parcours avec ce club. Donc, le PAC ne devrait pas le bloquer.\u00bb<\/p>\n<p><strong>\u00abSi c\u2019est pour le r\u00e9cup\u00e9rer, le PAC a tout \u00e0 fait raison, sinon\u2026\u00bb<\/strong><br \/>Par ailleurs, Moussa Sa\u00efb a estim\u00e9 que le PAC a tout \u00e0 fait le droit de r\u00e9cup\u00e9rer son joueur, au cas o\u00f9 il sera maintenu avec le Paradou la saison prochaine : \u00abSi c\u2019est pour le r\u00e9cup\u00e9rer, le PAC a raison de ramener son \u00e9l\u00e9ment, puisqu\u2019il lui appartient. Mais si c\u2019est pour le transf\u00e9rer ailleurs, \u00e7a aurait \u00e9t\u00e9 plus logique de le laisser s\u2019\u00e9panouir avec une \u00e9quipe qu\u2019il conna\u00eet bien avec laquelle il s\u2019est impos\u00e9 comme un \u00e9l\u00e9ment cl\u00e9.\u00bb<\/p>\n<p><strong>\u00abIl a tous ses rep\u00e8res en Kabylie, ce serait b\u00e9n\u00e9fique de le laisser s\u2019\u00e9panouir\u00bb<\/strong><br \/>L\u2019autre raison qui inciterait le PAC \u00e0 maintenir Benkhelifa \u00e0 la JSK, \u00e7a serait le fait qu\u2019il soit bien adapt\u00e9 \u00e0 son nouvel environnement en se sentant \u00e0 l\u2019aise en Kabylie : \u00abPour le bien du joueur, il devait \u00eatre autoris\u00e9 \u00e0 poursuivre son aventure avec la JSK. Il a d\u00e9j\u00e0 tous ses rep\u00e8res en Kabylie, le meilleur aurait \u00e9t\u00e9 de le laisser concr\u00e9tiser son r\u00eave, celui de participer \u00e0 la Ligue des champions.\u00bb<\/p>\n<p><strong>\u00abLa direction doit recruter un autre milieu de terrain \u00e0 sa place\u00bb<\/strong><br \/>Comme l\u2019avenir de cet \u00e9l\u00e9ment se fera ailleurs, la direction du Djurdjura devrait, selon l\u2019ancien international, trouver un \u00e9l\u00e9ment capable de le remplacer : \u00abCertes, ce n\u2019est pas \u00e9vident de trouver un successeur \u00e0 Benkhelifa mais la direction doit chercher celui qui aura le m\u00eame profil que lui pour assurer dans ce poste.\u00bb<\/p>\n<p><strong>\u00abLe retour de Boukhanchouche pourrait faire l\u2019affaire\u00bb<\/strong><br \/>Avant de conclure, l\u2019ancien joueur d\u2019Auxerre s\u2019est montr\u00e9 enthousiaste \u00e0 l\u2019id\u00e9e de r\u00e9cup\u00e9rer Salim Boukhanchouche qui, apr\u00e8s avoir \u00e9t\u00e9 pr\u00eat\u00e9 au MOB, sera officiellement de retour chez les Canaris : \u00abJ\u2019ai appris que Salim Boukhanchouche a \u00e9t\u00e9 r\u00e9cup\u00e9r\u00e9, \u00e0 mon avis ce joueur pourrait facilement pallier l\u2019absence de Benkhelifa, au cas o\u00f9 son d\u00e9part se confirmerait.\u00bb<br \/>\u00a0<\/p>\n<p><strong>Publi\u00e9 dans :<\/strong> <span>Mellal<\/span> <span>Sa\u00efb<\/span> <span>Zetchi<\/span> <span>Boukhanchouche<\/span> <span>Benkhelifa<\/span><\/p>\n<\/div>\n<p>Auteur:<br \/>\n<a href=\"http:\/\/www.lebuteur.com\/article\/detail?titre=jsk-saib-le-depart-de-benkhelifa-une-perte-pour-la-jsk&#038;id=89688&#038;utm_source=feedburner&#038;utm_medium=feed&#038;utm_campaign=Feed%3A+GalerieFArtciles+%28Les+derniers+articles++-+lebuteur.com%29\">Cliquez ici pour lire l&rsquo;article depuis sa source.<\/a><\/p>\n","protected":false},"excerpt":{"rendered":"<p>Auteur : Sa\u00efd D. mercredi 19 juin 2019 11:58 C\u2019est officiel, le milieu de terrain, Karim Benkhelifa quittera la JSK. Pr\u00eat\u00e9 une saison par le PAC, le club alg\u00e9rois, aux derni\u00e8res nouvelles, refuse de le pr\u00eater pour une saison suppl\u00e9mentaire, m\u00eame si le joueur souhaitait poursuivre son aventure avec les Canaris, apr\u00e8s avoir rencontr\u00e9 Zetchi [&hellip;]<\/p>\n","protected":false},"author":1738,"featured_media":41491,"comment_status":"closed","ping_status":"closed","sticky":false,"template":"","format":"standard","meta":{"fifu_image_url":"","fifu_image_alt":"","footnotes":""},"categories":[53,75],"tags":[],"class_list":["post-41490","post","type-post","status-publish","format-standard","has-post-thumbnail","hentry","category-algerie","category-sport"],"_links":{"self":[{"href":"https:\/\/linitiative.ca\/International\/wp-json\/wp\/v2\/posts\/41490","targetHints":{"allow":["GET"]}}],"collection":[{"href":"https:\/\/linitiative.ca\/International\/wp-json\/wp\/v2\/posts"}],"about":[{"href":"https:\/\/linitiative.ca\/International\/wp-json\/wp\/v2\/types\/post"}],"author":[{"embeddable":true,"href":"https:\/\/linitiative.ca\/International\/wp-json\/wp\/v2\/users\/1738"}],"replies":[{"embeddable":true,"href":"https:\/\/linitiative.ca\/International\/wp-json\/wp\/v2\/comments?post=41490"}],"version-history":[{"count":0,"href":"https:\/\/linitiative.ca\/International\/wp-json\/wp\/v2\/posts\/41490\/revisions"}],"wp:featuredmedia":[{"embeddable":true,"href":"https:\/\/linitiative.ca\/International\/wp-json\/"}],"wp:attachment":[{"href":"https:\/\/linitiative.ca\/International\/wp-json\/wp\/v2\/media?parent=41490"}],"wp:term":[{"taxonomy":"category","embeddable":true,"href":"https:\/\/linitiative.ca\/International\/wp-json\/wp\/v2\/categories?post=41490"},{"taxonomy":"post_tag","embeddable":true,"href":"https:\/\/linitiative.ca\/International\/wp-json\/wp\/v2\/tags?post=41490"}],"curies":[{"name":"wp","href":"https:\/\/api.w.org\/{rel}","templated":true}]}}