{"id":41492,"date":"2019-06-19T15:14:09","date_gmt":"2019-06-19T19:14:09","guid":{"rendered":"https:\/\/linitiative.ca\/International\/ligue-1-2-nahd-le-tout-hussein-dey-croise-les-doigts\/"},"modified":"2019-06-19T15:14:09","modified_gmt":"2019-06-19T19:14:09","slug":"ligue-1-2-nahd-le-tout-hussein-dey-croise-les-doigts","status":"publish","type":"post","link":"https:\/\/linitiative.ca\/International\/ligue-1-2-nahd-le-tout-hussein-dey-croise-les-doigts\/","title":{"rendered":"Ligue 1 &amp; 2 : NAHD: Le Tout-Hussein Dey croise les doigts"},"content":{"rendered":"<div readability=\"32\">\n<p>Auteur : <span>Rachid C.<\/span> <span class=\"time\">mercredi 19 juin 2019 11:58<\/span><\/p>\n<\/div>\n<div id=\"post_core\" readability=\"53\">\n<p>Apr\u00e8s plusieurs jours de flou total, le d\u00e9nouement semble tr\u00e8s proche dans la maison du NAHD. En effet, ayant annonc\u00e9 son d\u00e9part, le d\u00e9sormais ex-pr\u00e9sident, en l\u2019occurrence Bachir Ould Zmirli, s\u2019est r\u00e9uni hier soir avec l\u2019interm\u00e9diaire de la soci\u00e9t\u00e9 qui souhaite r\u00e9cup\u00e9rer les actions qu\u2019il s\u2019appr\u00eate \u00e0 c\u00e9der. En plus de l\u2019ancien vice-pr\u00e9sident de la FAF, les pr\u00e9sidents d\u2019APC d\u2019Hussein Dey, d\u2019El Magharia et wali d\u00e9l\u00e9gu\u00e9 \u00e9taient \u00e9galement pr\u00e9sents. D\u00e9termin\u00e9 \u00e0 faire tout son possible pour laisser le Nasria en de bonnes mains, Said Matari leur a fait savoir qu\u2019il va appuyer du mieux qu\u2019il peut afin que le dossier soit accept\u00e9. En attendant une bonne nouvelle, les Husseind\u00e9ens n\u2019ont qu\u2019\u00e0 croiser les doigts et prendre leur mal en patience.\u00a0\u00a0\u00a0 \u00a0<br \/><strong>Ce ne sera pas GICA<\/strong><br \/>Contrairement \u00e0 ce que beaucoup peuvent croire, ce n\u2019est pas le groupe industriel des ciments d&rsquo;Alg\u00e9rie qui compte r\u00e9cup\u00e9rer les actions des fr\u00e8res Ould Zmirli. D\u2019apr\u00e8s une source tr\u00e8s proche de ce dossier, il s\u2019agit d\u2019une soci\u00e9t\u00e9 alg\u00e9ro-\u00e9trang\u00e8re dont le nom n\u2019a pas encore filtr\u00e9. Tr\u00e8s emball\u00e9e par l\u2019id\u00e9e d\u2019investir au NAHD, elle compte bien \u00e9tudier le dossier qui lui a \u00e9t\u00e9 remis avant de prendre une d\u00e9cision finale.\u00a0\u00a0\u00a0 \u00a0<br \/><strong>Tout sera clair d\u2019ici lundi<\/strong><br \/>Tr\u00e8s en retard, les Nahdistes ne disposent pas de beaucoup de temps pour pr\u00e9parer la nouvelle saison. C\u2019est pour cette raison qu\u2019ils attendent avec impatience la r\u00e9ponse de cette soci\u00e9t\u00e9 alg\u00e9ro-\u00e9trang\u00e8re. En train d\u2019\u00e9tudier le dossier remis, c\u2019est le dimanche ou au plus tard lundi que verdict sera tomb\u00e9.\u00a0<br \/><strong>Saoudi va-t-il c\u00e9der lui aussi ses actions ?<\/strong><br \/>Actuellement \u00e0 l\u2019\u00e9tranger pour r\u00e9gler quelques affaires personnelles, tout le monde se pose des questions sur les intentions de Kamel Saoudi. Membre du conseil d\u2019administration, celui qui a annonc\u00e9 \u00e0 travers une vid\u00e9o partag\u00e9 sur les raisons sociales qu\u2019il est pr\u00eat \u00e0 se retirer d\u2019une mani\u00e8re d\u00e9finitive ne r\u00e9pond toujours pas aux sollicitations des autres actionnaires. Chose qui les a mis face \u00e0 une situation embarrassante avec l\u2019interm\u00e9diaire de la soci\u00e9t\u00e9 du moment que cette derni\u00e8re souhaite r\u00e9cup\u00e9rer tous les actions afin qu\u2019elle puisse \u00eatre le seul maitre \u00e0 bord.\u00a0<\/p>\n<p><strong>Publi\u00e9 dans :<\/strong> <span>Nahd<\/span> <span>Ould Zmirli<\/span> <span>Saoudi<\/span><\/p>\n<\/div>\n<p>Auteur:<br \/>\n<a href=\"http:\/\/www.lebuteur.com\/article\/detail?titre=nahd-le-tout-hussein-dey-croise-les-doigts&#038;id=89687&#038;utm_source=feedburner&#038;utm_medium=feed&#038;utm_campaign=Feed%3A+GalerieFArtciles+%28Les+derniers+articles++-+lebuteur.com%29\">Cliquez ici pour lire l&rsquo;article depuis sa source.<\/a><\/p>\n","protected":false},"excerpt":{"rendered":"<p>Auteur : Rachid C. mercredi 19 juin 2019 11:58 Apr\u00e8s plusieurs jours de flou total, le d\u00e9nouement semble tr\u00e8s proche dans la maison du NAHD. En effet, ayant annonc\u00e9 son d\u00e9part, le d\u00e9sormais ex-pr\u00e9sident, en l\u2019occurrence Bachir Ould Zmirli, s\u2019est r\u00e9uni hier soir avec l\u2019interm\u00e9diaire de la soci\u00e9t\u00e9 qui souhaite r\u00e9cup\u00e9rer les actions qu\u2019il s\u2019appr\u00eate [&hellip;]<\/p>\n","protected":false},"author":1738,"featured_media":41493,"comment_status":"closed","ping_status":"closed","sticky":false,"template":"","format":"standard","meta":{"fifu_image_url":"","fifu_image_alt":"","footnotes":""},"categories":[53,75],"tags":[],"class_list":["post-41492","post","type-post","status-publish","format-standard","has-post-thumbnail","hentry","category-algerie","category-sport"],"_links":{"self":[{"href":"https:\/\/linitiative.ca\/International\/wp-json\/wp\/v2\/posts\/41492","targetHints":{"allow":["GET"]}}],"collection":[{"href":"https:\/\/linitiative.ca\/International\/wp-json\/wp\/v2\/posts"}],"about":[{"href":"https:\/\/linitiative.ca\/International\/wp-json\/wp\/v2\/types\/post"}],"author":[{"embeddable":true,"href":"https:\/\/linitiative.ca\/International\/wp-json\/wp\/v2\/users\/1738"}],"replies":[{"embeddable":true,"href":"https:\/\/linitiative.ca\/International\/wp-json\/wp\/v2\/comments?post=41492"}],"version-history":[{"count":0,"href":"https:\/\/linitiative.ca\/International\/wp-json\/wp\/v2\/posts\/41492\/revisions"}],"wp:featuredmedia":[{"embeddable":true,"href":"https:\/\/linitiative.ca\/International\/wp-json\/"}],"wp:attachment":[{"href":"https:\/\/linitiative.ca\/International\/wp-json\/wp\/v2\/media?parent=41492"}],"wp:term":[{"taxonomy":"category","embeddable":true,"href":"https:\/\/linitiative.ca\/International\/wp-json\/wp\/v2\/categories?post=41492"},{"taxonomy":"post_tag","embeddable":true,"href":"https:\/\/linitiative.ca\/International\/wp-json\/wp\/v2\/tags?post=41492"}],"curies":[{"name":"wp","href":"https:\/\/api.w.org\/{rel}","templated":true}]}}