{"id":41498,"date":"2019-06-19T15:14:14","date_gmt":"2019-06-19T19:14:14","guid":{"rendered":"https:\/\/linitiative.ca\/International\/ligue-1-2-ess-serrar-personne-ne-ma-contacte\/"},"modified":"2019-06-19T15:14:14","modified_gmt":"2019-06-19T19:14:14","slug":"ligue-1-2-ess-serrar-personne-ne-ma-contacte","status":"publish","type":"post","link":"https:\/\/linitiative.ca\/International\/ligue-1-2-ess-serrar-personne-ne-ma-contacte\/","title":{"rendered":"Ligue 1 &amp; 2 : ESS &#8211; Serrar: \u00abPersonne ne m\u2019a contact\u00e9\u00bb"},"content":{"rendered":"<div readability=\"32\">\n<p>Auteur : <span>Akram F.<\/span> <span class=\"time\">mercredi 19 juin 2019 11:58<\/span><\/p>\n<\/div>\n<div id=\"post_core\" readability=\"84\">\n<p>Comme indiqu\u00e9 pr\u00e9c\u00e9demment, Abdelhakim Serrar ne viendra pas \u00e0 l\u2019Entente, du moins pour le moment, car il se rendra aujourd\u2019hui en Egypte o\u00f9 il travaillera comme consultant sur le plateau de la chaine Al Jazeera pendant toute la Coupe d\u2019Afrique des nations. La comp\u00e9tition va durer un mois, du 21 juin jusqu\u2019au 19 juillet, et pendant toute cette p\u00e9riode, les \u00e9quipes auront fait le plus important et mati\u00e8re de recrutement et de restructuration. Cela voudrait dire que si Serrar envisage de revenir \u00e0 l\u2019Entente apr\u00e8s la CAN, il ne lui sera pas d\u2019une grande utilit\u00e9. Et puis, dans cette d\u00e9claration, l\u2019int\u00e9ress\u00e9 dit que personne ne l\u2019a contact\u00e9. Est-ce vrai ? Car comme nous l\u2019avons rapport\u00e9 il y a quelques jours, et selon les dirigeants de l\u2019ESS, Hassan Snoussaoui s\u2019est entretenu \u00e0 deux reprises avec Hakoum, une fois au t\u00e9l\u00e9phone et une fois en t\u00eate-\u00e0-t\u00eate pour lui soumettre l\u2019id\u00e9e d\u2019int\u00e9grer l\u2019\u00e9quipe dirigeante de l\u2019ESS et pour lui dresser un tableau sur la situation g\u00e9n\u00e9rale du club. Qui dit vrai ? Peu importe. Ce qu\u2019il faut savoir, c\u2019est que Hammar a r\u00e9cemment d\u00e9clar\u00e9, en d\u00e9but de semaine, qu\u2019il ne reviendra pas dans le football et qu\u2019il va se consacrer \u00e0 sa famille et \u00e0 ses affaires. Aujourd\u2019hui, il laisse une porte ouverte \u00e0 l\u2019Entente.<br \/><strong>\u00abLes supporters ont raison de s\u2019inqui\u00e9ter de l\u2019avenir de leur club\u00bb<\/strong><br \/>L\u2019ex-pr\u00e9sident de l\u2019ESS a \u00e9t\u00e9 invit\u00e9 \u00e0 donner son avis sur la situation actuelle du club. Il dira qu\u2019il y a des priorit\u00e9s qu\u2019on doit attaquer en urgence. \u00ab Il faut commencer par les priorit\u00e9s ; comme la finalisation avec les nouvelles recrues et les joueurs en fin de contrat. Il faut aussi nommer un entraineur et le faire venir \u00e0 S\u00e9tif pour qu\u2019il commence les pr\u00e9paratifs. C\u2019est ce qu\u2019il faut faire en premier lieu. S\u2019il n\u2019y a pas tout cela, les supporters ont raison de s\u2019inqui\u00e9ter et d\u2019avoir peur de l\u2019avenir de leur \u00e9quipe \u00bb, a-t-il indiqu\u00e9.<br \/><strong>\u00abCe n\u2019est pas la premi\u00e8re fois que des joueurs quittent l\u2019ESS \u00e0 l\u2019intersaison, on en a l\u2019habitude. C\u2019est l\u2019Entente qui les fait et non le contraire\u00bb<\/strong><br \/>S\u2019agissant de l\u2019\u00e9ventualit\u00e9 de voir les joueurs en fin de contrat quitter l\u2019Entente cet \u00e9t\u00e9, Serra dira que l\u2019ESS en a l\u2019habitude : \u00ab Ce n\u2019est pas la premi\u00e8re fois que cela arrive. L\u2019Entente connait \u00e7a depuis plusieurs ann\u00e9es et \u00e0 chaque fin de saison on a assist\u00e9 au d\u00e9part de plusieurs joueurs. Mais tous ces d\u00e9parts n\u2019ont pas influ\u00e9 sur l\u2019\u00e9quipe, l\u2019Entente a toujours su se reconstruire et revenir en force. On ne va pas pleurer parce que quelques joueurs risque de partir, car c\u2019est l\u2019ESS qui a l\u2019habitude de donner des noms \u00e0 des joueurs et de faire d\u2019eux des \u00e9l\u00e9ments connus dans le championnat et les exemples n\u2019en manquent pas. \u00bb<br \/><strong>\u00abDjabou est une perte mais ce n\u2019est pas la fin du monde, il faut trouver un autre Djabou et un autre Zeghba\u00bb<\/strong><br \/>Serra a \u00e9galement parl\u00e9 du d\u00e9part de Abdelmoumen Djabou qu\u2019il consid\u00e8re comme une v\u00e9ritable perte. \u00ab C\u2019est vrai, c\u2019est une vraie perte. Car son d\u00e9part va perturber un peu l\u2019op\u00e9ration recrutement et va inciter les autres joueurs en fin de contrat \u00e0 partir aussi, dans la mesure o\u00f9 c\u2019est un joueur tr\u00e8s influent. L\u2019Entente a vraiment perdu un joueur exceptionnel, mais comme je viens de le dire, il ne faut pas s\u2019en lamenter longtemps. Il va falloir trouver un autre Djabou et un autre Zeghba, car la vie de ne s\u2019arr\u00eatera pas avec le d\u00e9part de ces deux joueurs ou celui des autres. La vie est faite ainsi, parfois il faut se reconstruire et repartir sur de nouvelles bases. L\u2019Entente se trouve en ce moment dans une intersection o\u00f9 il va falloir choisir le bon chemin. C\u2019est une situation tr\u00e8s difficile et l\u2019avenir d\u00e9pendra des d\u00e9cisions qui vont \u00eatre prises \u00bb, souligne l\u2019ex-pr\u00e9sident de l\u2019Entente.<br \/><strong>\u00abJe ne suis pas optimiste pour l\u2019avenir du club, mais je n\u2019ai pas peur pour autant\u00bb<\/strong><br \/>\u00ab Il est normal de s\u2019inqui\u00e9ter de la situation actuelle de l\u2019ESS. Personnellement, je ne suis pas optimiste pour l\u2019avenir, mais je n\u2019ai pas peur pour autant. Car je sais que l\u2019ESS \u00e0 une personnalit\u00e9 qui lui permet toujours de s\u2019en sortir. Prenez exemple de 2014. L\u2019Entente n\u2019avait pas une grande \u00e9quipe, en tout cas pas une \u00e9quipe de l\u2019envergure de la Ligue des champions africaine, mais gr\u00e2ce \u00e0 la forte personnalit\u00e9 de l\u2019ESS, elle a remport\u00e9 le troph\u00e9e \u00bb, a-t-il fait savoir.<br \/><strong>\u00abCe n\u2019est pas une honte d\u2019annoncer aux supporters que la saison prochaine sera une saison de transition\u00bb<\/strong><br \/>L\u2019ex-DTS de l\u2019USMA a voulu faire passer un message aux dirigeants de l\u2019ESS pour \u00e9vacuer toute la pression : \u00ab Si on n\u2019a pas les moyens de sa politique, il faut le dire. Et ce n\u2019est pas une honte d\u2019annoncer aux supporters que la saison prochaine sera une saison de transition o\u00f9 l\u2019\u00e9quipe ne jouera pas les premiers r\u00f4les, mais cherchera plut\u00f4t \u00e0 d\u00e9crocher une place honorable. Mais il va falloir qu\u2019en m\u00eame temps, on fait en sorte de reconstruire l\u2019\u00e9quipe et d\u2019entamer un travail en profondeur \u00e0 moyen et \u00e0 long terme. Je suis s\u00fbr que les supporters seront d\u2019accord et qu\u2019ils vont patienter. Il faut juste ne pas leur mentir, c\u2019est tout.\u00bb<br \/><strong>\u00abJe ne suis pas l\u00e0 pour proposer mes services\u00bb<\/strong><br \/>A la fin de notre entretien avec Abdelhakim Serrar, nous lui avons pos\u00e9 la question pour savoir s\u2019il a \u00e9t\u00e9 contact\u00e9 par l\u2019ESS ou s\u2019il va revenir. Voici sa r\u00e9ponse. \u00ab Je suis ici, je ne me suis jamais cach\u00e9. Si on a besoin de moi, on sait o\u00f9 me trouver. Je n\u2019ai jamais tourn\u00e9 le dos \u00e0 l\u2019Entente et je ne le ferai jamais. Mais ce que vous devez savoir, c\u2019est que personne des dirigeants de l\u2019ESS ne m\u2019a contact\u00e9, personne n\u2019est venu me voir. Sachez aussi que je ne suis pas l\u00e0 pour demander du travail \u00bb, a-t-il termin\u00e9.<\/p>\n<p><strong>Publi\u00e9 dans :<\/strong> <span>ess<\/span> <span>Serrar<\/span> <span>Zeghba<\/span><\/p>\n<\/div>\n<p>Auteur:<br \/>\n<a href=\"http:\/\/www.lebuteur.com\/article\/detail?titre=ess-serrar-personne-ne-ma-contacte&#038;id=89684&#038;utm_source=feedburner&#038;utm_medium=feed&#038;utm_campaign=Feed%3A+GalerieFArtciles+%28Les+derniers+articles++-+lebuteur.com%29\">Cliquez ici pour lire l&rsquo;article depuis sa source.<\/a><\/p>\n","protected":false},"excerpt":{"rendered":"<p>Auteur : Akram F. mercredi 19 juin 2019 11:58 Comme indiqu\u00e9 pr\u00e9c\u00e9demment, Abdelhakim Serrar ne viendra pas \u00e0 l\u2019Entente, du moins pour le moment, car il se rendra aujourd\u2019hui en Egypte o\u00f9 il travaillera comme consultant sur le plateau de la chaine Al Jazeera pendant toute la Coupe d\u2019Afrique des nations. La comp\u00e9tition va durer [&hellip;]<\/p>\n","protected":false},"author":1738,"featured_media":41499,"comment_status":"closed","ping_status":"closed","sticky":false,"template":"","format":"standard","meta":{"fifu_image_url":"","fifu_image_alt":"","footnotes":""},"categories":[53,75],"tags":[],"class_list":["post-41498","post","type-post","status-publish","format-standard","has-post-thumbnail","hentry","category-algerie","category-sport"],"_links":{"self":[{"href":"https:\/\/linitiative.ca\/International\/wp-json\/wp\/v2\/posts\/41498","targetHints":{"allow":["GET"]}}],"collection":[{"href":"https:\/\/linitiative.ca\/International\/wp-json\/wp\/v2\/posts"}],"about":[{"href":"https:\/\/linitiative.ca\/International\/wp-json\/wp\/v2\/types\/post"}],"author":[{"embeddable":true,"href":"https:\/\/linitiative.ca\/International\/wp-json\/wp\/v2\/users\/1738"}],"replies":[{"embeddable":true,"href":"https:\/\/linitiative.ca\/International\/wp-json\/wp\/v2\/comments?post=41498"}],"version-history":[{"count":0,"href":"https:\/\/linitiative.ca\/International\/wp-json\/wp\/v2\/posts\/41498\/revisions"}],"wp:featuredmedia":[{"embeddable":true,"href":"https:\/\/linitiative.ca\/International\/wp-json\/"}],"wp:attachment":[{"href":"https:\/\/linitiative.ca\/International\/wp-json\/wp\/v2\/media?parent=41498"}],"wp:term":[{"taxonomy":"category","embeddable":true,"href":"https:\/\/linitiative.ca\/International\/wp-json\/wp\/v2\/categories?post=41498"},{"taxonomy":"post_tag","embeddable":true,"href":"https:\/\/linitiative.ca\/International\/wp-json\/wp\/v2\/tags?post=41498"}],"curies":[{"name":"wp","href":"https:\/\/api.w.org\/{rel}","templated":true}]}}