{"id":41502,"date":"2019-06-19T15:14:16","date_gmt":"2019-06-19T19:14:16","guid":{"rendered":"https:\/\/linitiative.ca\/International\/international-algerie-atal-revient-sur-son-avenir\/"},"modified":"2019-06-19T15:14:16","modified_gmt":"2019-06-19T19:14:16","slug":"international-algerie-atal-revient-sur-son-avenir","status":"publish","type":"post","link":"https:\/\/linitiative.ca\/International\/international-algerie-atal-revient-sur-son-avenir\/","title":{"rendered":"International : Alg\u00e9rie : Atal revient sur son avenir"},"content":{"rendered":"<div readability=\"32\">\n<p>Auteur : <span class=\"time\">mercredi 19 juin 2019 12:57<\/span><\/p>\n<\/div>\n<div id=\"post_core\" readability=\"50\">\n<p>L\u2019international alg\u00e9rien va disputer dans quelques jours la Coupe d\u2019Afrique des Nations avec les Fennecs.<\/p>\n<p>Le jeune joueur de 23 ans, dans le viseur de nombreux clubs europ\u00e9ens (PSG, Naples, Atletico de Madrid), a confirm\u00e9 \u00e0 l&rsquo;occasion d&rsquo;un entretien accord\u00e9 \u00e0 France Football qu\u2019il y avait des int\u00e9r\u00eats pour lui\u00a0:<\/p>\n<p>\u00ab\u00a0je sors d\u2019une belle saison \u00e0 Nice. Je respecte ce club, ce qu\u2019il a fait pour moi. Je sais que c\u2019est un club ambitieux, qui a des objectifs. Apr\u00e8s, on verra ce qu\u2019il va se passer. On a tous envie de jouer la Ligue des champions, de gagner des titres. C\u2019est important dans une carri\u00e8re. J\u2019ai effectivement moi-m\u00eame de tels objectifs. Apr\u00e8s je sais qu\u2019il y a des int\u00e9r\u00eats pour moi. On verra&#8230;\u00a0\u00bb Des propos relay\u00e9s par France Football.<\/p>\n<p><strong>Publi\u00e9 dans :<\/strong> <span>algerie<\/span><\/p>\n<\/div>\n<p>Auteur:<br \/>\n<a href=\"http:\/\/www.lebuteur.com\/article\/detail?titre=algerie-atal-revient-sur-son-avenir&#038;id=89698&#038;utm_source=feedburner&#038;utm_medium=feed&#038;utm_campaign=Feed%3A+GalerieFArtciles+%28Les+derniers+articles++-+lebuteur.com%29\">Cliquez ici pour lire l&rsquo;article depuis sa source.<\/a><\/p>\n","protected":false},"excerpt":{"rendered":"<p>Auteur : mercredi 19 juin 2019 12:57 L\u2019international alg\u00e9rien va disputer dans quelques jours la Coupe d\u2019Afrique des Nations avec les Fennecs. Le jeune joueur de 23 ans, dans le viseur de nombreux clubs europ\u00e9ens (PSG, Naples, Atletico de Madrid), a confirm\u00e9 \u00e0 l&rsquo;occasion d&rsquo;un entretien accord\u00e9 \u00e0 France Football qu\u2019il y avait des int\u00e9r\u00eats [&hellip;]<\/p>\n","protected":false},"author":1738,"featured_media":41503,"comment_status":"closed","ping_status":"closed","sticky":false,"template":"","format":"standard","meta":{"fifu_image_url":"","fifu_image_alt":"","footnotes":""},"categories":[53,75],"tags":[],"class_list":["post-41502","post","type-post","status-publish","format-standard","has-post-thumbnail","hentry","category-algerie","category-sport"],"_links":{"self":[{"href":"https:\/\/linitiative.ca\/International\/wp-json\/wp\/v2\/posts\/41502","targetHints":{"allow":["GET"]}}],"collection":[{"href":"https:\/\/linitiative.ca\/International\/wp-json\/wp\/v2\/posts"}],"about":[{"href":"https:\/\/linitiative.ca\/International\/wp-json\/wp\/v2\/types\/post"}],"author":[{"embeddable":true,"href":"https:\/\/linitiative.ca\/International\/wp-json\/wp\/v2\/users\/1738"}],"replies":[{"embeddable":true,"href":"https:\/\/linitiative.ca\/International\/wp-json\/wp\/v2\/comments?post=41502"}],"version-history":[{"count":0,"href":"https:\/\/linitiative.ca\/International\/wp-json\/wp\/v2\/posts\/41502\/revisions"}],"wp:featuredmedia":[{"embeddable":true,"href":"https:\/\/linitiative.ca\/International\/wp-json\/"}],"wp:attachment":[{"href":"https:\/\/linitiative.ca\/International\/wp-json\/wp\/v2\/media?parent=41502"}],"wp:term":[{"taxonomy":"category","embeddable":true,"href":"https:\/\/linitiative.ca\/International\/wp-json\/wp\/v2\/categories?post=41502"},{"taxonomy":"post_tag","embeddable":true,"href":"https:\/\/linitiative.ca\/International\/wp-json\/wp\/v2\/tags?post=41502"}],"curies":[{"name":"wp","href":"https:\/\/api.w.org\/{rel}","templated":true}]}}