{"id":41505,"date":"2019-06-18T19:00:00","date_gmt":"2019-06-18T23:00:00","guid":{"rendered":"https:\/\/linitiative.ca\/International\/a-la-veille-de-la-reunion-de-lopep-le-marche-sous-tension\/"},"modified":"2019-06-18T19:00:00","modified_gmt":"2019-06-18T23:00:00","slug":"a-la-veille-de-la-reunion-de-lopep-le-marche-sous-tension","status":"publish","type":"post","link":"https:\/\/linitiative.ca\/International\/a-la-veille-de-la-reunion-de-lopep-le-marche-sous-tension\/","title":{"rendered":"\u00e0 la veille de la r\u00e9union de l\u2019OPEP :  Le march\u00e9 sous tension"},"content":{"rendered":"<p>En baisse, depuis fin mai, les cours du p\u00e9trole, qui ont augment\u00e9 de 4% suite aux tensions g\u00e9opolitiques dans\u00a0 le golfe d\u2019Oman, et des contraintes li\u00e9es \u00e0 la production dans certains pays, avant de diminuer par la suite, pourraient s\u2019affaiblir davantage ou reprendre \u00e0 la hausse, comme le pr\u00e9disent certains experts, sur un march\u00e9 toujours sous tension.\u00a0<\/p>\n<div readability=\"55\">\n<p>En fait, la volatilit\u00e9 s\u2019est r\u00e9install\u00e9e sur les march\u00e9s du p\u00e9trole \u00abavec une vente massive \u00e0 la fin du mois de mai, le prix du Brent \u00e9tant tomb\u00e9 de 70 \u00e0 60 dollars le baril\u00bb, indiquait r\u00e9cemment un rapport de l\u2019AIE. L\u2019agence pr\u00e9cisait que \u00abjusqu&rsquo;\u00e0 r\u00e9cemment, l&rsquo;accent \u00e9tait mis sur l&rsquo;offre avec la liste d&rsquo;incertitudes bien connue \u2014 l&rsquo;Iran, le Venezuela, la Libye et l&rsquo;Accord de Vienne \u2014 \u00e9levant les prix du Brent au-dessus de 70 dollars le baril d\u00e9but avril et les conservant jusque fin mai\u00bb. Selon les pr\u00e9visions de cette derni\u00e8re, l\u2019inqui\u00e9tude concernant l\u2019offre ne s\u2019est pas dissip\u00e9e aliment\u00e9e par les fluctuations des cours pour des raisons g\u00e9opolitiques et \u00e9conomiques.\u00a0<\/p>\n<p>L&rsquo;Agence internationale de l&rsquo;\u00e9nergie a, pour rappel, revu \u00e0 la baisse sa pr\u00e9vision de croissance de la demande p\u00e9troli\u00e8re mondiale en 2019 en raison de l&rsquo;aggravation des tensions commerciales. Selon le rapport publi\u00e9 le 14 juin, la demande sera r\u00e9duite de 100.000 barils \u00e0 1,2 million de barils par jour (bpj) et passerait \u00e0 1,4 million de barils\/jour en 2020. \u00abLa croissance de la demande remonterait \u00e0 1,6 million de bpj au second semestre\u00bb, indique la m\u00eame source. Pour 2020, l\u2019Agence pr\u00e9voit que \u00abla croissance de l\u2019offre hors OPEP est suffisante pour r\u00e9pondre \u00e0 tout niveau probable de la demande, en l\u2019absence de choc g\u00e9opolitique majeur, et que les pays de l\u2019OPEP disposent de 3,2 Mb\/j de capacit\u00e9s inutilis\u00e9es\u00bb. N\u00e9anmoins, le march\u00e9 reste impr\u00e9visible et incertain face aux revirements qui le caract\u00e9risent. En fait, \u00ables cours du p\u00e9trole seront marqu\u00e9s par une grande volatilit\u00e9 cette ann\u00e9e, sur fond de troubles g\u00e9opolitiques et de ralentissement \u00e9conomique\u00bb, avait d\u00e9clar\u00e9 le directeur ex\u00e9cutif de l&rsquo;AIE, M. Fatih Birol au Forum \u00e9conomique mondial de Davos (Suisse).\u00a0<\/p>\n<p>Des incertitudes qui persistent \u00e0 la veille de la r\u00e9union d\u00e9cisive du cartel et de ses partenaires, annonc\u00e9e initialement pour le 25 juin et, devant discuter d&rsquo;une reconduction ou non de l\u2019accord de r\u00e9duction de la production. Un conclave dont la date ne fait pas le consensus et qui pourrait \u00eatre report\u00e9 \u00e0 d\u00e9but juillet sur demande de certains pays dont la Russie, et l\u2019Arabie saoudite. Selon des observateurs, les tensions g\u00e9opolitiques pourraient d&rsquo;ailleurs influer sur les n\u00e9gociations de l&rsquo;Opep+. Si, dans la logique, la baisse des prix est cens\u00e9e orienter les positions des producteurs vers le renouvellement de leur pacte de limitation des quotas des extractions pour soutenir les prix, l\u2019option ne semble pas aussi simple pour des raisons \u00e9videntes. Il est utile de rappeler dans ce contexte, que selon un quotidien financier japonais, citant le ministre de l&rsquo;Energie russe Alexandre Novak, l&rsquo;Organisation des pays exportateurs de p\u00e9trole (Opep) et d&rsquo;autres producteurs, la Russie notamment, discutent la possibilit\u00e9 d&rsquo;un accord de coop\u00e9ration \u00e0 long terme qui pourrait \u00eatre sign\u00e9 d\u00e9but juillet.\u00a0<\/p>\n<p><strong>D. Akila<\/strong><\/p>\n<\/div>\n<p>Auteur: elmoudjahid<br \/>\n<a href=\"http:\/\/www.elmoudjahid.com\/fr\/actualites\/138287\">Cliquez ici pour lire l&rsquo;article depuis sa source.<\/a><\/p>\n","protected":false},"excerpt":{"rendered":"<p>En baisse, depuis fin mai, les cours du p\u00e9trole, qui ont augment\u00e9 de 4% suite aux tensions g\u00e9opolitiques dans\u00a0 le golfe d\u2019Oman, et des contraintes li\u00e9es \u00e0 la production dans certains pays, avant de diminuer par la suite, pourraient s\u2019affaiblir davantage ou reprendre \u00e0 la hausse, comme le pr\u00e9disent certains experts, sur un march\u00e9 toujours [&hellip;]<\/p>\n","protected":false},"author":1744,"featured_media":0,"comment_status":"closed","ping_status":"closed","sticky":false,"template":"","format":"standard","meta":{"fifu_image_url":"","fifu_image_alt":"","footnotes":""},"categories":[73,53],"tags":[],"class_list":["post-41505","post","type-post","status-publish","format-standard","hentry","category-actualite","category-algerie"],"_links":{"self":[{"href":"https:\/\/linitiative.ca\/International\/wp-json\/wp\/v2\/posts\/41505","targetHints":{"allow":["GET"]}}],"collection":[{"href":"https:\/\/linitiative.ca\/International\/wp-json\/wp\/v2\/posts"}],"about":[{"href":"https:\/\/linitiative.ca\/International\/wp-json\/wp\/v2\/types\/post"}],"author":[{"embeddable":true,"href":"https:\/\/linitiative.ca\/International\/wp-json\/wp\/v2\/users\/1744"}],"replies":[{"embeddable":true,"href":"https:\/\/linitiative.ca\/International\/wp-json\/wp\/v2\/comments?post=41505"}],"version-history":[{"count":0,"href":"https:\/\/linitiative.ca\/International\/wp-json\/wp\/v2\/posts\/41505\/revisions"}],"wp:attachment":[{"href":"https:\/\/linitiative.ca\/International\/wp-json\/wp\/v2\/media?parent=41505"}],"wp:term":[{"taxonomy":"category","embeddable":true,"href":"https:\/\/linitiative.ca\/International\/wp-json\/wp\/v2\/categories?post=41505"},{"taxonomy":"post_tag","embeddable":true,"href":"https:\/\/linitiative.ca\/International\/wp-json\/wp\/v2\/tags?post=41505"}],"curies":[{"name":"wp","href":"https:\/\/api.w.org\/{rel}","templated":true}]}}