{"id":41510,"date":"2019-06-18T19:00:00","date_gmt":"2019-06-18T23:00:00","guid":{"rendered":"https:\/\/linitiative.ca\/International\/conference-sur-leconomie-verte-mme-zerouati-au-caire\/"},"modified":"2019-06-18T19:00:00","modified_gmt":"2019-06-18T23:00:00","slug":"conference-sur-leconomie-verte-mme-zerouati-au-caire","status":"publish","type":"post","link":"https:\/\/linitiative.ca\/International\/conference-sur-leconomie-verte-mme-zerouati-au-caire\/","title":{"rendered":"Conf\u00e9rence sur l\u2019\u00e9conomie verte :  Mme Zerouati au Caire"},"content":{"rendered":"<p>La ministre de l&rsquo;Environnement et des \u00c9nergies renouvelables, Mme Fatma-Zohra Zerouati, a pr\u00e9sent\u00e9, hier au Caire, lors des travaux de la Conf\u00e9rence r\u00e9gionale sur l&rsquo;\u00e9conomie verte, les principaux axes du Plan d&rsquo;action national sur les modes de consommation et de production durables (PNA-MCPD). La ministre a\u00a0 \u00a0mis en avant l&rsquo;essentiel des axes de ce Plan qui cristallise les engagements internationaux de l&rsquo;Alg\u00e9rie relatifs \u00e0 la concr\u00e9tisation des Objectifs de d\u00e9veloppement durableau niveau mondial, parmi lesquels\u00a0 \u00a0l&rsquo;encouragement des initiatives nationales et institutionnelles, et l&rsquo;entrepreneuriat.\u00a0 \u00a0Soulignant l&rsquo;int\u00e9r\u00eat accord\u00e9 par l&rsquo;Alg\u00e9rie \u00e0 la pr\u00e9servation des ressources naturelles, Mme Zerouati a cit\u00e9, notamment l&rsquo;engagement de r\u00e9duire les \u00e9manations de gaz \u00e0 l&rsquo;origine de l&rsquo;effet de serre \u00e0 7% \u00e0 l&rsquo;horizon 2030, la mise en place du Plan national pour le climat et le traitement des eaux us\u00e9es, la reconversion de 500.000 v\u00e9hicules au GPL et le reboisement de 1,7 millions d&rsquo;hectares pour lutter contre la d\u00e9sertification.\u00a0\u00a0<\/p>\n<p>Le d\u00e9veloppement des \u00e9nergies renouvelables hors r\u00e9seau permettra au pays de\u00a0 \u00a0produire 4 Gigawatts d&rsquo;\u00e9nergie \u00e9lectrique d&rsquo;ici \u00e0 2030, a-t-elle ajout\u00e9 dans le m\u00eame sens. Mme Zerouati a affirm\u00e9, en outre, que l&rsquo;\u00e9conomie verte constitue un d\u00e9fi\u00a0 \u00a0qui requiert la mise en place d&rsquo;un cadre l\u00e9gislatif et r\u00e9glementaire ad\u00e9quat, l&rsquo;adoption de strat\u00e9gies qui prennent en compte la r\u00e9alit\u00e9 de chaque pays en vue de consolider la formation dans les m\u00e9tiers verts.\u00a0 \u00a0<\/p>\n<p>Auteur: elmoudjahid<br \/>\n<a href=\"http:\/\/www.elmoudjahid.com\/fr\/actualites\/138292\">Cliquez ici pour lire l&rsquo;article depuis sa source.<\/a><\/p>\n","protected":false},"excerpt":{"rendered":"<p>La ministre de l&rsquo;Environnement et des \u00c9nergies renouvelables, Mme Fatma-Zohra Zerouati, a pr\u00e9sent\u00e9, hier au Caire, lors des travaux de la Conf\u00e9rence r\u00e9gionale sur l&rsquo;\u00e9conomie verte, les principaux axes du Plan d&rsquo;action national sur les modes de consommation et de production durables (PNA-MCPD). La ministre a\u00a0 \u00a0mis en avant l&rsquo;essentiel des axes de ce Plan [&hellip;]<\/p>\n","protected":false},"author":1744,"featured_media":0,"comment_status":"closed","ping_status":"closed","sticky":false,"template":"","format":"standard","meta":{"fifu_image_url":"","fifu_image_alt":"","footnotes":""},"categories":[73,53],"tags":[],"class_list":["post-41510","post","type-post","status-publish","format-standard","hentry","category-actualite","category-algerie"],"_links":{"self":[{"href":"https:\/\/linitiative.ca\/International\/wp-json\/wp\/v2\/posts\/41510","targetHints":{"allow":["GET"]}}],"collection":[{"href":"https:\/\/linitiative.ca\/International\/wp-json\/wp\/v2\/posts"}],"about":[{"href":"https:\/\/linitiative.ca\/International\/wp-json\/wp\/v2\/types\/post"}],"author":[{"embeddable":true,"href":"https:\/\/linitiative.ca\/International\/wp-json\/wp\/v2\/users\/1744"}],"replies":[{"embeddable":true,"href":"https:\/\/linitiative.ca\/International\/wp-json\/wp\/v2\/comments?post=41510"}],"version-history":[{"count":0,"href":"https:\/\/linitiative.ca\/International\/wp-json\/wp\/v2\/posts\/41510\/revisions"}],"wp:attachment":[{"href":"https:\/\/linitiative.ca\/International\/wp-json\/wp\/v2\/media?parent=41510"}],"wp:term":[{"taxonomy":"category","embeddable":true,"href":"https:\/\/linitiative.ca\/International\/wp-json\/wp\/v2\/categories?post=41510"},{"taxonomy":"post_tag","embeddable":true,"href":"https:\/\/linitiative.ca\/International\/wp-json\/wp\/v2\/tags?post=41510"}],"curies":[{"name":"wp","href":"https:\/\/api.w.org\/{rel}","templated":true}]}}