{"id":41518,"date":"2019-06-19T10:16:41","date_gmt":"2019-06-19T14:16:41","guid":{"rendered":"https:\/\/linitiative.ca\/International\/90837-can-2019-cinq-joueurs-de-ligue-1-algerienne-presents-en-egypte\/"},"modified":"2019-06-19T10:16:41","modified_gmt":"2019-06-19T14:16:41","slug":"90837-can-2019-cinq-joueurs-de-ligue-1-algerienne-presents-en-egypte","status":"publish","type":"post","link":"https:\/\/linitiative.ca\/International\/90837-can-2019-cinq-joueurs-de-ligue-1-algerienne-presents-en-egypte\/","title":{"rendered":"CAN-2019: cinq joueurs de Ligue 1 alg\u00e9rienne pr\u00e9sents en Egypte"},"content":{"rendered":"<div>\n<div class=\"K2FeedIntroText\">\n<p><strong>ALGER &#8211; Cinq joueurs \u00e9voluant dans le championnat alg\u00e9rien de football seront pr\u00e9sents avec leurs s\u00e9lections respectives \u00e0 la 32e \u00e9dition de la Coupe d&rsquo;Afrique des nations (CAN-2019), pr\u00e9vue du 21 juin au 19 juillet en Egypte.<\/strong><\/p>\n<\/div>\n<div class=\"K2FeedFullText\">\n<p>Outre l&rsquo;Alg\u00e9rien Hichem Boudaoui du Paradou AC, il y aura aussi le Malgache Ibrahim Amada (MC Alger), le Burundais Abderrazak Fiston (JS Kabylie), le Tanzanien Thomas Ulimwengu (JS Saoura) et le Mauritanien Mohamed Dellah Yaly (DRB Tadjenanet).<\/p>\n<p>Le hasard a voulu que trois pays des cinq prennent part pour la 1re fois de leur histoire \u00e0 cette grandiose f\u00eate continentale (Burundi, Madagascar et Mauritanie), l&rsquo;Alg\u00e9rie \u00e9tant une habitu\u00e9e et la Tanzanie y sera pour la seconde fois.<\/p>\n<p>Si Boudaoui aura la lourde t\u00e2che de faire honneur \u00e0 la Ligue 1 Mobilis, lui qui sera entour\u00e9 de 22 compatriotes \u00e9voluant \u00e0 l&rsquo;\u00e9tranger, le milieu de terrain du MCA Amada, qui jouait auparavant \u00e0 l&rsquo;ES S\u00e9tif, sera le principal \u00e9l\u00e9ment de son \u00e9quipe en Egypte, sachant qu&rsquo;il vient de livrer sa derni\u00e8re saison en Alg\u00e9rie. Il compte en effet \u00e9voluer la saison prochaine \u00e0 l&rsquo;\u00e9tranger apr\u00e8s avoir re\u00e7u plusieurs offres int\u00e9ressantes.<\/p>\n<p>L&rsquo;autre star de la JS Kabylie, Fiston, sera \u00e0 coup s\u00fbr la force de frappe de l&rsquo;attaque du Burundi en Egypte. Avec les \u00ab\u00a0Canaris\u00a0\u00bb, il a pris une part pr\u00e9pond\u00e9rante \u00e0 l&rsquo;excellent parcours de la JSK avec laquelle il \u00e9t\u00e9 vice-champion d&rsquo;Alg\u00e9rie, la qualifiant ainsi \u00e0 la lucrative Ligue des champions africaine la saison prochaine, avec \u00e0 la cl\u00e9 une 5e place au classement des meilleurs artificiers alg\u00e9riens avec 7 r\u00e9alisations.<\/p>\n<p>D&rsquo;ailleurs, Fiston s&rsquo;est illustr\u00e9 le 11 juin dernier avec son pays lors du match amical face \u00e0 l&rsquo;Alg\u00e9rie (1-1) \u00e0 Doha en inscrivant le but \u00e9galisateur.<\/p>\n<p>De son c\u00f4t\u00e9, le Tanzanien de la JSS Ulimwengu a termin\u00e9 la saison en force en prenant la 4e place avec son \u00e9quipe, ratant de tr\u00e8s peu une qualification continentale pour un club qui a disput\u00e9 cette saison la phase de poules de la C1.<\/p>\n<p>Le 1er juillet, il sera particuli\u00e8rement suivi lors du match qui opposera son pays \u00e0 l&rsquo;Alg\u00e9rie pour le compte de la 3e journ\u00e9e du 1er tour (Groupe C).<\/p>\n<p>Enfin, le Mauritanien Yaly a \u00e9t\u00e9 moins chanceux que ses camarades pr\u00e9cit\u00e9s, suite \u00e0 la rel\u00e9gation du \u00ab\u00a0Difa\u00e2\u00a0\u00bb en Ligue 2. Toutefois, il va tout faire pour s&rsquo;illustrer lors du grand \u00ab\u00a0show\u00a0\u00bb continental avec les \u00ab\u00a0Mourabitounes\u00a0\u00bb, auteurs d&rsquo;une qualification historique en phase finale de la CAN.<\/p>\n<p>Un 6e joueur du championnat alg\u00e9rien aurait pu \u00eatre pr\u00e9sent \u00e0 la CAN-2019. Il s&rsquo;agit du B\u00e9ninois Jacques Bessan du MO B\u00e9ja\u00efa, rel\u00e9gu\u00e9 en Ligue 2. Bessan a \u00e9t\u00e9 convoqu\u00e9 dans la liste \u00e9largie avant d&rsquo;\u00eatre \u00e9cart\u00e9 des 23 par le Fran\u00e7ais Michel Dussuyer.<\/p>\n<\/div>\n<p><img loading=\"lazy\" decoding=\"async\" src=\"http:\/\/feeds.feedburner.com\/~r\/aps-sport\/~4\/Y9nITn5BMIM\" height=\"1\" width=\"1\" alt=\"\"><\/div>\n<p>Auteur:<br \/>\n<a href=\"http:\/\/www.aps.dz\/sport\/90837-can-2019-cinq-joueurs-de-ligue-1-algerienne-presents-en-egypte?utm_source=feedburner&#038;utm_medium=feed&#038;utm_campaign=Feed%3A+aps-sport+%28APS+-+SPORT%29\">Cliquez ici pour lire l&rsquo;article depuis sa source.<\/a><\/p>\n","protected":false},"excerpt":{"rendered":"<p>ALGER &#8211; Cinq joueurs \u00e9voluant dans le championnat alg\u00e9rien de football seront pr\u00e9sents avec leurs s\u00e9lections respectives \u00e0 la 32e \u00e9dition de la Coupe d&rsquo;Afrique des nations (CAN-2019), pr\u00e9vue du 21 juin au 19 juillet en Egypte. Outre l&rsquo;Alg\u00e9rien Hichem Boudaoui du Paradou AC, il y aura aussi le Malgache Ibrahim Amada (MC Alger), le [&hellip;]<\/p>\n","protected":false},"author":1790,"featured_media":0,"comment_status":"closed","ping_status":"closed","sticky":false,"template":"","format":"standard","meta":{"fifu_image_url":"","fifu_image_alt":"","footnotes":""},"categories":[53,75],"tags":[],"class_list":["post-41518","post","type-post","status-publish","format-standard","hentry","category-algerie","category-sport"],"_links":{"self":[{"href":"https:\/\/linitiative.ca\/International\/wp-json\/wp\/v2\/posts\/41518","targetHints":{"allow":["GET"]}}],"collection":[{"href":"https:\/\/linitiative.ca\/International\/wp-json\/wp\/v2\/posts"}],"about":[{"href":"https:\/\/linitiative.ca\/International\/wp-json\/wp\/v2\/types\/post"}],"author":[{"embeddable":true,"href":"https:\/\/linitiative.ca\/International\/wp-json\/wp\/v2\/users\/1790"}],"replies":[{"embeddable":true,"href":"https:\/\/linitiative.ca\/International\/wp-json\/wp\/v2\/comments?post=41518"}],"version-history":[{"count":0,"href":"https:\/\/linitiative.ca\/International\/wp-json\/wp\/v2\/posts\/41518\/revisions"}],"wp:attachment":[{"href":"https:\/\/linitiative.ca\/International\/wp-json\/wp\/v2\/media?parent=41518"}],"wp:term":[{"taxonomy":"category","embeddable":true,"href":"https:\/\/linitiative.ca\/International\/wp-json\/wp\/v2\/categories?post=41518"},{"taxonomy":"post_tag","embeddable":true,"href":"https:\/\/linitiative.ca\/International\/wp-json\/wp\/v2\/tags?post=41518"}],"curies":[{"name":"wp","href":"https:\/\/api.w.org\/{rel}","templated":true}]}}