{"id":41519,"date":"2019-06-19T10:37:43","date_gmt":"2019-06-19T14:37:43","guid":{"rendered":"https:\/\/linitiative.ca\/International\/90841-can-2019-de-football-onze-selectionneurs-africains-sur-le-banc-en-egypte\/"},"modified":"2019-06-19T10:37:43","modified_gmt":"2019-06-19T14:37:43","slug":"90841-can-2019-de-football-onze-selectionneurs-africains-sur-le-banc-en-egypte","status":"publish","type":"post","link":"https:\/\/linitiative.ca\/International\/90841-can-2019-de-football-onze-selectionneurs-africains-sur-le-banc-en-egypte\/","title":{"rendered":"CAN-2019 de football: onze s\u00e9lectionneurs africains sur le banc en Egypte"},"content":{"rendered":"<div>\n<div class=\"K2FeedIntroText\">\n<p><strong>ALGER &#8211; Ils seront onze s\u00e9lectionneurs africains sur le banc \u00e0 la Coupe d&rsquo;Afrique des nations CAN-2019 en Egypte (21 juin &#8211; 19 juillet), un chiffre sensiblement revu \u00e0 la hausse par rapport au pr\u00e9c\u00e9dent tournoi en 2017 au Gabon.<\/strong><\/p>\n<\/div>\n<div class=\"K2FeedFullText\">\n<p>Cette 32e \u00e9dition de la CAN, qui se jouera pour la premi\u00e8re fois en pr\u00e9sence de 24 pays au lieu de 16, sera marqu\u00e9e par la pr\u00e9sence de 13 techniciens non-Africains, alors qu&rsquo;ils \u00e9taient 12 au Gabon (sur 16 nations).<\/p>\n<p>Onze f\u00e9d\u00e9rations nationales, dont la FAF (F\u00e9d\u00e9ration alg\u00e9rienne de football), ont d\u00e9cid\u00e9 ainsi de faire confiance aux comp\u00e9tences \u00ab\u00a0africaines\u00a0\u00bb, avec l&rsquo;objectif d&rsquo;aller le plus loin possible dans cette comp\u00e9tition qui se d\u00e9roulera dans quatre villes : Le Caire, Alexandrie, Isma\u00eflia et Suez.<\/p>\n<p>Il s&rsquo;agit de Djamel Belmadi (Alg\u00e9rie), Florent Ibenge (RD Congo), Sunday Chidzambwa (Zimbabwe), Olivier Niyungeko (Burundi), Aliou Ciss\u00e9 (S\u00e9n\u00e9gal), Ricardo Mannetti (Namibie), Ibrahim Kamara (C\u00f4te d&rsquo;Ivoire), Mohamed Magassouba (Mali), Baciro Cand\u00e9 (Guin\u00e9e-Bissau), James Kwesi Appiah (Ghana) et Emmanuel Amunike (Tanzanie).<\/p>\n<p>Chez les \u00ab\u00a0Europ\u00e9ens\u00a0\u00bb, l&rsquo;\u00e9cole fran\u00e7aise sera en force avec 7 s\u00e9lectionneurs en lice sur 13, dont Herv\u00e9 Renard (Maroc), champion d&rsquo;Afrique en 2012 avec la Zambie et en 2015 avec la C\u00f4te d&rsquo;Ivoire.<\/p>\n<p>Les six autres entra\u00eeneurs fran\u00e7ais sont Michel Dussuyer (B\u00e9nin), Alain Giresse (Tunisie), Corentin Martins (Mauritanie), S\u00e9bastien Mign\u00e9 (Kenya), S\u00e9bastien Desabre (Ouganda) et Nicolas Dupuis (Madagascar).<\/p>\n<p>Les six autres coaches \u00e9trangers sont : le Franco-Allemand Gernot Rohr (Nigeria), l&rsquo;Ecossais Stuart Baxter (Afrique du Sud), le Serbe Srdjan Vasiljevic (Angola), le N\u00e9erlandais Clarence Seedorf (Cameroun), le Belge Paul Put (Guin\u00e9e) et le Mexicain Javier Aguirre (Egypte).<\/p>\n<p>\u00a0<\/p>\n<p><strong>Noms des s\u00e9lectionneurs par groupes:<\/strong><\/p>\n<p>\u00a0<\/p>\n<p><strong>Groupe A:<\/strong><\/p>\n<p>Egypte (Javier Aguirre\/Mexique)<\/p>\n<p>RD Congo (Florent Ibenge)<\/p>\n<p>Ouganda (S\u00e9bastien Desabre\/France)<\/p>\n<p>Zimbabwe (Sunday Chidzambwa)<\/p>\n<p>\u00a0<\/p>\n<p><strong>Groupe B:<\/strong><\/p>\n<p>Nigeria (Gernot Rohr\/France-Allemagne)<\/p>\n<p>Guin\u00e9e (Paul Put\/Belgique)<\/p>\n<p>Madagascar (Nicolas Dupuis\/France)<\/p>\n<p>Burundi (Olivier Niyungeko)<\/p>\n<p>\u00a0<\/p>\n<p><strong>Groupe C:<\/strong><\/p>\n<p>S\u00e9n\u00e9gal (Aliou Ciss\u00e9)<\/p>\n<p>Alg\u00e9rie (Djamel Belmadi)<\/p>\n<p>Kenya (S\u00e9bastien Mign\u00e9\/France)<\/p>\n<p>Tanzanie (Emmanuel Amunike\/Nigeria)<\/p>\n<p>\u00a0<\/p>\n<p><strong>Groupe D:<\/strong><\/p>\n<p>Maroc (Herv\u00e9 Renard\/France)<\/p>\n<p>C\u00f4te d\u2019Ivoire (Ibrahim Kamara)<\/p>\n<p>Afrique du Sud (Stuart Baxter\/Ecosse)<\/p>\n<p>Namibie (Ricardo Mannetti)<\/p>\n<p>\u00a0<\/p>\n<p><strong>Groupe E:<\/strong><\/p>\n<p>Tunisie (Alain Giresse\/France)<\/p>\n<p>Mali (Mohamed Magassouba)<\/p>\n<p>Mauritanie (Corentin Martins\/France)<\/p>\n<p>Angola (Srdjan Vasiljevic\/Serbie)<\/p>\n<p>\u00a0<\/p>\n<p><strong>Groupe F:<\/strong><\/p>\n<p>Cameroun (Clarence Seedorf\/Pays-Bas)<\/p>\n<p>Ghana (James Kwesi Appiah)<\/p>\n<p>B\u00e9nin (Michel Dussuyer\/France)<\/p>\n<p>Guin\u00e9e-Bissau (Baciro Cand\u00e9).<\/p>\n<\/div>\n<p><img loading=\"lazy\" decoding=\"async\" src=\"http:\/\/feeds.feedburner.com\/~r\/aps-sport\/~4\/KnbqOUhDvb4\" height=\"1\" width=\"1\" alt=\"\"><\/div>\n<p>Auteur:<br \/>\n<a href=\"http:\/\/www.aps.dz\/sport\/90841-can-2019-de-football-onze-selectionneurs-africains-sur-le-banc-en-egypte?utm_source=feedburner&#038;utm_medium=feed&#038;utm_campaign=Feed%3A+aps-sport+%28APS+-+SPORT%29\">Cliquez ici pour lire l&rsquo;article depuis sa source.<\/a><\/p>\n","protected":false},"excerpt":{"rendered":"<p>ALGER &#8211; Ils seront onze s\u00e9lectionneurs africains sur le banc \u00e0 la Coupe d&rsquo;Afrique des nations CAN-2019 en Egypte (21 juin &#8211; 19 juillet), un chiffre sensiblement revu \u00e0 la hausse par rapport au pr\u00e9c\u00e9dent tournoi en 2017 au Gabon. Cette 32e \u00e9dition de la CAN, qui se jouera pour la premi\u00e8re fois en pr\u00e9sence [&hellip;]<\/p>\n","protected":false},"author":1790,"featured_media":0,"comment_status":"closed","ping_status":"closed","sticky":false,"template":"","format":"standard","meta":{"fifu_image_url":"","fifu_image_alt":"","footnotes":""},"categories":[53,75],"tags":[],"class_list":["post-41519","post","type-post","status-publish","format-standard","hentry","category-algerie","category-sport"],"_links":{"self":[{"href":"https:\/\/linitiative.ca\/International\/wp-json\/wp\/v2\/posts\/41519","targetHints":{"allow":["GET"]}}],"collection":[{"href":"https:\/\/linitiative.ca\/International\/wp-json\/wp\/v2\/posts"}],"about":[{"href":"https:\/\/linitiative.ca\/International\/wp-json\/wp\/v2\/types\/post"}],"author":[{"embeddable":true,"href":"https:\/\/linitiative.ca\/International\/wp-json\/wp\/v2\/users\/1790"}],"replies":[{"embeddable":true,"href":"https:\/\/linitiative.ca\/International\/wp-json\/wp\/v2\/comments?post=41519"}],"version-history":[{"count":0,"href":"https:\/\/linitiative.ca\/International\/wp-json\/wp\/v2\/posts\/41519\/revisions"}],"wp:attachment":[{"href":"https:\/\/linitiative.ca\/International\/wp-json\/wp\/v2\/media?parent=41519"}],"wp:term":[{"taxonomy":"category","embeddable":true,"href":"https:\/\/linitiative.ca\/International\/wp-json\/wp\/v2\/categories?post=41519"},{"taxonomy":"post_tag","embeddable":true,"href":"https:\/\/linitiative.ca\/International\/wp-json\/wp\/v2\/tags?post=41519"}],"curies":[{"name":"wp","href":"https:\/\/api.w.org\/{rel}","templated":true}]}}