{"id":41520,"date":"2019-06-19T10:40:27","date_gmt":"2019-06-19T14:40:27","guid":{"rendered":"https:\/\/linitiative.ca\/International\/90843-can-2019-2700-demandes-d-accreditations-beaucoup-de-sollicitations-insatisfaites-caf\/"},"modified":"2019-06-19T10:40:27","modified_gmt":"2019-06-19T14:40:27","slug":"90843-can-2019-2700-demandes-d-accreditations-beaucoup-de-sollicitations-insatisfaites-caf","status":"publish","type":"post","link":"https:\/\/linitiative.ca\/International\/90843-can-2019-2700-demandes-d-accreditations-beaucoup-de-sollicitations-insatisfaites-caf\/","title":{"rendered":"CAN-2019: 2700 demandes d&rsquo;accr\u00e9ditations, beaucoup de sollicitations insatisfaites (CAF)"},"content":{"rendered":"<div>\n<div class=\"K2FeedIntroText\">\n<p><strong>LE CAIRE &#8211; Environ 2700 demandes d&rsquo;accr\u00e9ditations pour la couverture de la phase finale de la Coupe d&rsquo;Afrique des nations CAN-2019 (21 juin-19 juillet) ont \u00e9t\u00e9 enregistr\u00e9es au niveau de la Conf\u00e9d\u00e9ration africaine de football (CAF) qui n&rsquo;a pas r\u00e9ussi \u00e0 satisfaire tout le monde<\/strong><\/p>\n<\/div>\n<div class=\"K2FeedFullText\">\n<p>\u00ab\u00a0Il y a eu environ 2700 demandes d\u2019accr\u00e9ditations et malheureusement, la CAF ne pourra satisfaire \u00e0 toutes les sollicitations\u00a0\u00bb, a r\u00e9v\u00e9l\u00e9 la CAF sur son site officiel \u00e0 l&rsquo;issue d&rsquo;un s\u00e9minaire des officiers et \u00e9diteurs m\u00e9dias retenus pour la CAN-2019.<\/p>\n<p>Face \u00e0 cette situation, les premiers responsables de la communication ont \u00e9mis le souhait de trouver des solutions aux hommes de m\u00e9dias qui viendront en Egypte m\u00eame si leur demande n\u2019a pas \u00e9t\u00e9 satisfaite, afin de leur permettre de pouvoir couvrir cette 32e CAN, la toute premi\u00e8re \u00e0 24 \u00e9quipes avec beaucoup d\u2019enjeux, a soulign\u00e9 la CAF.<\/p>\n<p>Lors de ce s\u00e9minaire de quelques heures inaugur\u00e9 par le pr\u00e9sident de la CAF Ahmad Ahmad, officiers et \u00e9diteurs m\u00e9dias ont \u00e9t\u00e9 sensibilis\u00e9s \u00e0 travailler ensemble en faisant preuve de solidarit\u00e9 pour relever le niveau de l\u2019organisation, surtout aux chapitres m\u00e9dias et communication, pr\u00e9cise la m\u00eame source.<\/p>\n<\/div>\n<p><img loading=\"lazy\" decoding=\"async\" src=\"http:\/\/feeds.feedburner.com\/~r\/aps-sport\/~4\/PCSXi9t2PcA\" height=\"1\" width=\"1\" alt=\"\"><\/div>\n<p>Auteur:<br \/>\n<a href=\"http:\/\/www.aps.dz\/sport\/90843-can-2019-2700-demandes-d-accreditations-beaucoup-de-sollicitations-insatisfaites-caf?utm_source=feedburner&#038;utm_medium=feed&#038;utm_campaign=Feed%3A+aps-sport+%28APS+-+SPORT%29\">Cliquez ici pour lire l&rsquo;article depuis sa source.<\/a><\/p>\n","protected":false},"excerpt":{"rendered":"<p>LE CAIRE &#8211; Environ 2700 demandes d&rsquo;accr\u00e9ditations pour la couverture de la phase finale de la Coupe d&rsquo;Afrique des nations CAN-2019 (21 juin-19 juillet) ont \u00e9t\u00e9 enregistr\u00e9es au niveau de la Conf\u00e9d\u00e9ration africaine de football (CAF) qui n&rsquo;a pas r\u00e9ussi \u00e0 satisfaire tout le monde \u00ab\u00a0Il y a eu environ 2700 demandes d\u2019accr\u00e9ditations et malheureusement, [&hellip;]<\/p>\n","protected":false},"author":1790,"featured_media":0,"comment_status":"closed","ping_status":"closed","sticky":false,"template":"","format":"standard","meta":{"fifu_image_url":"","fifu_image_alt":"","footnotes":""},"categories":[53,75],"tags":[],"class_list":["post-41520","post","type-post","status-publish","format-standard","hentry","category-algerie","category-sport"],"_links":{"self":[{"href":"https:\/\/linitiative.ca\/International\/wp-json\/wp\/v2\/posts\/41520","targetHints":{"allow":["GET"]}}],"collection":[{"href":"https:\/\/linitiative.ca\/International\/wp-json\/wp\/v2\/posts"}],"about":[{"href":"https:\/\/linitiative.ca\/International\/wp-json\/wp\/v2\/types\/post"}],"author":[{"embeddable":true,"href":"https:\/\/linitiative.ca\/International\/wp-json\/wp\/v2\/users\/1790"}],"replies":[{"embeddable":true,"href":"https:\/\/linitiative.ca\/International\/wp-json\/wp\/v2\/comments?post=41520"}],"version-history":[{"count":0,"href":"https:\/\/linitiative.ca\/International\/wp-json\/wp\/v2\/posts\/41520\/revisions"}],"wp:attachment":[{"href":"https:\/\/linitiative.ca\/International\/wp-json\/wp\/v2\/media?parent=41520"}],"wp:term":[{"taxonomy":"category","embeddable":true,"href":"https:\/\/linitiative.ca\/International\/wp-json\/wp\/v2\/categories?post=41520"},{"taxonomy":"post_tag","embeddable":true,"href":"https:\/\/linitiative.ca\/International\/wp-json\/wp\/v2\/tags?post=41520"}],"curies":[{"name":"wp","href":"https:\/\/api.w.org\/{rel}","templated":true}]}}