{"id":41527,"date":"2019-06-18T16:47:00","date_gmt":"2019-06-18T20:47:00","guid":{"rendered":"https:\/\/linitiative.ca\/International\/auditionne-pour-laffaire-des-conservateurs-fonciers-kamel-chikhi-aujourdhui-au-tribunal\/"},"modified":"2019-06-18T16:47:00","modified_gmt":"2019-06-18T20:47:00","slug":"auditionne-pour-laffaire-des-conservateurs-fonciers-kamel-chikhi-aujourdhui-au-tribunal","status":"publish","type":"post","link":"https:\/\/linitiative.ca\/International\/auditionne-pour-laffaire-des-conservateurs-fonciers-kamel-chikhi-aujourdhui-au-tribunal\/","title":{"rendered":"AUDITIONNE POUR L\u2019AFFAIRE DES CONSERVATEURS FONCIERS : Kamel Chikhi  aujourd\u2019hui au tribunal"},"content":{"rendered":"<p><br id=\"sep_para_1\" class=\"sep_para access\"\/><\/p>\n<div id=\"para_1\" class=\"para_31779250 resize\">\n<div class=\"photo shadow left\"><a href=\"javascript:void(0)\" rel=\"https:\/\/www.reflexiondz.net\/photo\/art\/grande\/34894402-31779250.jpg?v=1560892486&#038;ibox\" title=\"AUDITIONNE POUR L\u2019AFFAIRE DES CONSERVATEURS FONCIERS : Kamel Chikhi aujourd\u2019hui au tribunal\"><img decoding=\"async\" class=\"responsive c9\" src=\"https:\/\/www.reflexiondz.net\/photo\/art\/grande\/34894402-31779250.jpg?v=1560892486\" alt=\"AUDITIONNE POUR L\u2019AFFAIRE DES CONSERVATEURS FONCIERS : Kamel Chikhi aujourd\u2019hui au tribunal\" title=\"AUDITIONNE POUR L\u2019AFFAIRE DES CONSERVATEURS FONCIERS : Kamel Chikhi aujourd\u2019hui au tribunal\"\/><img decoding=\"async\" class=\"not-responsive\" src=\"https:\/\/www.reflexiondz.net\/photo\/art\/default\/34894402-31779250.jpg?v=1560892488\" alt=\"AUDITIONNE POUR L\u2019AFFAIRE DES CONSERVATEURS FONCIERS : Kamel Chikhi aujourd\u2019hui au tribunal\" title=\"AUDITIONNE POUR L\u2019AFFAIRE DES CONSERVATEURS FONCIERS : Kamel Chikhi aujourd\u2019hui au tribunal\"\/><\/a><\/div>\n<div class=\"texte access firstletter\">Kamel Chikhi, alias\u00a0 \u00ab EL Bouchi \u00bb, est actuellement auditionn\u00e9 par le juge d\u2019instruction pr\u00e8s le tribunal de Sidi M\u2019hamed, \u00e0 Alger, dans le cadre de l\u2019affaire des conservateurs fonciers. Principal accus\u00e9 dans l\u2019affaire de saisie de 701 kilogrammes de coca\u00efne \u00e0 Oran. , Kamel Chikhi a \u00e9t\u00e9 arr\u00eat\u00e9 le 30\u00a0 mai 2018. Depuis, il est en d\u00e9tention provisoire. Ce mardi, l\u2019homme d\u2019affaires a \u00e9t\u00e9 entendu au sujet des conservateurs fonciers. Lors de son audition, El Bouchi sera confront\u00e9 au chauffeur de Abdelghani Hamel, ex directeur g\u00e9n\u00e9ral de la S\u00fbret\u00e9 nationale (DGSN),\u00a0 Il sera de retour au tribunal ce mercredi pour l\u2019audience de son proc\u00e8s. Plus concr\u00e8tement, l\u2019affaire concerne les documents, les livrets fonciers et les actes de propri\u00e9t\u00e9 de l\u2019entreprise d\u2019El Bouchi. Plusieurs autres suspects sont \u00e9galement en d\u00e9tention provisoire. Dimanche dernier, c\u2019est Abdelghani Hamel qui a \u00e9t\u00e9 entendu comme t\u00e9moin par le juge d\u2019instruction pr\u00e8s le tribunal de Sidi M\u2019hamed dans le cadre de cette affaire.\u00a0\u00a0\u00a0\u00a0<\/div>\n<\/div>\n<p>Auteur: Nadine<br \/>\n<a href=\"https:\/\/www.reflexiondz.net\/AUDITIONNE-POUR-L-AFFAIRE-DES-CONSERVATEURS-FONCIERS-Kamel-Chikhi-aujourd-hui-au-tribunal_a56227.html\">Cliquez ici pour lire l&rsquo;article depuis sa source.<\/a><\/p>\n","protected":false},"excerpt":{"rendered":"<p>Kamel Chikhi, alias\u00a0 \u00ab EL Bouchi \u00bb, est actuellement auditionn\u00e9 par le juge d\u2019instruction pr\u00e8s le tribunal de Sidi M\u2019hamed, \u00e0 Alger, dans le cadre de l\u2019affaire des conservateurs fonciers. Principal accus\u00e9 dans l\u2019affaire de saisie de 701 kilogrammes de coca\u00efne \u00e0 Oran. , Kamel Chikhi a \u00e9t\u00e9 arr\u00eat\u00e9 le 30\u00a0 mai 2018. Depuis, il [&hellip;]<\/p>\n","protected":false},"author":1740,"featured_media":0,"comment_status":"closed","ping_status":"closed","sticky":false,"template":"","format":"standard","meta":{"fifu_image_url":"","fifu_image_alt":"","footnotes":""},"categories":[53,76],"tags":[],"class_list":["post-41527","post","type-post","status-publish","format-standard","hentry","category-algerie","category-regions"],"_links":{"self":[{"href":"https:\/\/linitiative.ca\/International\/wp-json\/wp\/v2\/posts\/41527","targetHints":{"allow":["GET"]}}],"collection":[{"href":"https:\/\/linitiative.ca\/International\/wp-json\/wp\/v2\/posts"}],"about":[{"href":"https:\/\/linitiative.ca\/International\/wp-json\/wp\/v2\/types\/post"}],"author":[{"embeddable":true,"href":"https:\/\/linitiative.ca\/International\/wp-json\/wp\/v2\/users\/1740"}],"replies":[{"embeddable":true,"href":"https:\/\/linitiative.ca\/International\/wp-json\/wp\/v2\/comments?post=41527"}],"version-history":[{"count":0,"href":"https:\/\/linitiative.ca\/International\/wp-json\/wp\/v2\/posts\/41527\/revisions"}],"wp:attachment":[{"href":"https:\/\/linitiative.ca\/International\/wp-json\/wp\/v2\/media?parent=41527"}],"wp:term":[{"taxonomy":"category","embeddable":true,"href":"https:\/\/linitiative.ca\/International\/wp-json\/wp\/v2\/categories?post=41527"},{"taxonomy":"post_tag","embeddable":true,"href":"https:\/\/linitiative.ca\/International\/wp-json\/wp\/v2\/tags?post=41527"}],"curies":[{"name":"wp","href":"https:\/\/api.w.org\/{rel}","templated":true}]}}