{"id":41535,"date":"2019-06-19T14:34:00","date_gmt":"2019-06-19T18:34:00","guid":{"rendered":"https:\/\/linitiative.ca\/International\/tissemsilt-le-siege-de-lugta-cadenasse\/"},"modified":"2019-06-19T14:34:00","modified_gmt":"2019-06-19T18:34:00","slug":"tissemsilt-le-siege-de-lugta-cadenasse","status":"publish","type":"post","link":"https:\/\/linitiative.ca\/International\/tissemsilt-le-siege-de-lugta-cadenasse\/","title":{"rendered":"TISSEMSILT : Le si\u00e8ge de l\u2019UGTA cadenass\u00e9"},"content":{"rendered":"<p><br id=\"sep_para_1\" class=\"sep_para access\"\/><\/p>\n<div id=\"para_1\" class=\"para_31795569 resize\">\n<div class=\"texte access firstletter\">Le lundi 18 Juin 2019, ce fut autour des syndicalistes de l\u2019UGTA de la commune et wilaya de Tissemsilt\u00a0 de sortir en masse pour fermer le si\u00e8ge de l\u2019UGTA en usant des cha\u00eenes et des cadenas. Ils estiment que leur repr\u00e9sentation\u00a0 a fini par devenir\u00a0 des gens qui cherchent \u00e0 se servir et ne pas servir les syndiqu\u00e9s et leurs acquis, un simple jeu d\u2019enfant quant la joute se d\u00e9cide \u00e0 l\u2019avance, sans plus. En effet, les syndicalistes m\u00e9contents de connaitre qu\u2019une r\u00e9union a \u00e9t\u00e9 organis\u00e9e en catimini o\u00f9 seulement une quarantaine de d\u00e9l\u00e9gu\u00e9s \u00e9taient pr\u00e9sents\u00a0 pour r\u00e9\u00e9lire le secr\u00e9taire de wilaya (pl\u00e9biscite) ont proc\u00e9d\u00e9, le jour suivant, \u00e0 la fermeture du si\u00e8ge du syndicat de l\u2019UGTA pour crier leur ras le bol contre \u00abla marginalisation\u00bb dont ils estiment \u00eatre victimes comme le diront les protestataires soutenus par une partie de la population de la rue du premier novembre, laquelle abrite le si\u00e8ge de l\u2019UGTA et qui ont converg\u00e9 vers cette destination pour fermer la porte . Une banderole a \u00e9t\u00e9 d\u00e9ploy\u00e9e sur le portail o\u00f9 l\u2019on pouvait y lire : \u00able simple ouvrier ne veut pas de ce syndicat\u00bb \u00ab syndicat d\u00e9gage \u00bb. Les contestataires ont dit que leur action a \u00e9t\u00e9 d\u00e9cid\u00e9e en r\u00e9action \u00e0 ce bureau qui r\u00e8gne depuis plus de vingt ans par les m\u00eames m\u00e9thodes et les m\u00eames personnes o\u00f9 les fonctionnaires et les syndicalistes vivent le fait accompli ou encore mange ou cr\u00e8ve comme un \u00e9ternel mektoub, disent-ils, les m\u00e9contents affirment que ce geste est synonyme d\u2019un refus pour les m\u00eames figures et les m\u00eames pratiques.\u00a0\u00a0\u00a0\u00a0\u00a0\u00a0\u00a0\u00a0\u00a0\u00a0<\/div>\n<\/div>\n<p>Auteur: A.Ould El Hadri<br \/>\n<a href=\"https:\/\/www.reflexiondz.net\/TISSEMSILT-Le-siege-de-l-UGTA-cadenasse_a56230.html\">Cliquez ici pour lire l&rsquo;article depuis sa source.<\/a><\/p>\n","protected":false},"excerpt":{"rendered":"<p>Le lundi 18 Juin 2019, ce fut autour des syndicalistes de l\u2019UGTA de la commune et wilaya de Tissemsilt\u00a0 de sortir en masse pour fermer le si\u00e8ge de l\u2019UGTA en usant des cha\u00eenes et des cadenas. Ils estiment que leur repr\u00e9sentation\u00a0 a fini par devenir\u00a0 des gens qui cherchent \u00e0 se servir et ne pas [&hellip;]<\/p>\n","protected":false},"author":1740,"featured_media":0,"comment_status":"closed","ping_status":"closed","sticky":false,"template":"","format":"standard","meta":{"fifu_image_url":"","fifu_image_alt":"","footnotes":""},"categories":[53,76],"tags":[],"class_list":["post-41535","post","type-post","status-publish","format-standard","hentry","category-algerie","category-regions"],"_links":{"self":[{"href":"https:\/\/linitiative.ca\/International\/wp-json\/wp\/v2\/posts\/41535","targetHints":{"allow":["GET"]}}],"collection":[{"href":"https:\/\/linitiative.ca\/International\/wp-json\/wp\/v2\/posts"}],"about":[{"href":"https:\/\/linitiative.ca\/International\/wp-json\/wp\/v2\/types\/post"}],"author":[{"embeddable":true,"href":"https:\/\/linitiative.ca\/International\/wp-json\/wp\/v2\/users\/1740"}],"replies":[{"embeddable":true,"href":"https:\/\/linitiative.ca\/International\/wp-json\/wp\/v2\/comments?post=41535"}],"version-history":[{"count":0,"href":"https:\/\/linitiative.ca\/International\/wp-json\/wp\/v2\/posts\/41535\/revisions"}],"wp:attachment":[{"href":"https:\/\/linitiative.ca\/International\/wp-json\/wp\/v2\/media?parent=41535"}],"wp:term":[{"taxonomy":"category","embeddable":true,"href":"https:\/\/linitiative.ca\/International\/wp-json\/wp\/v2\/categories?post=41535"},{"taxonomy":"post_tag","embeddable":true,"href":"https:\/\/linitiative.ca\/International\/wp-json\/wp\/v2\/tags?post=41535"}],"curies":[{"name":"wp","href":"https:\/\/api.w.org\/{rel}","templated":true}]}}