{"id":41552,"date":"2019-06-19T11:39:00","date_gmt":"2019-06-19T15:39:00","guid":{"rendered":"https:\/\/linitiative.ca\/International\/une-reunion-de-suivi-a-pekin-pour-evaluer-le-taux-de-realisation-des-mesures-annoncees-lors-du-sommet-sino-africain\/"},"modified":"2019-06-19T11:39:00","modified_gmt":"2019-06-19T15:39:00","slug":"une-reunion-de-suivi-a-pekin-pour-evaluer-le-taux-de-realisation-des-mesures-annoncees-lors-du-sommet-sino-africain","status":"publish","type":"post","link":"https:\/\/linitiative.ca\/International\/une-reunion-de-suivi-a-pekin-pour-evaluer-le-taux-de-realisation-des-mesures-annoncees-lors-du-sommet-sino-africain\/","title":{"rendered":"Une r\u00e9union de suivi \u00e0 P\u00e9kin pour \u00e9valuer le taux de r\u00e9alisation des mesures annonc\u00e9es lors du Sommet sino-africain"},"content":{"rendered":"<p>Une r\u00e9union de suivi du Sommet de la coop\u00e9ration sino-africain que P\u00e9kin avait abrit\u00e9 les 3 et 4 septembre 2018 se tiendra les 24 et 25 juin dans la capitale chinoise. C\u2019est le ministre des Affaires \u00e9trang\u00e8res Khema\u00efs Jhinaoui qui repr\u00e9sentera la Tunisie \u00e0 cette r\u00e9union qui\u00a0 aura \u00e0 \u00e9valuer la concr\u00e9tisation des d\u00e9cisions de\u00a0 ce sommet.<\/p>\n<p>Lors du Sommet sino-africain, le pr\u00e9sident chinois,\u00a0 avait annonc\u00e9 \u00e0 la s\u00e9ance d\u2019ouverture que son pays avait mobilis\u00e9 la somme de 60 milliards de dollars pour renforcer les investissements et le d\u00e9veloppement\u00a0 dans les pays africains au cours des trois prochaines ann\u00e9es\u00a0 sous forme de cr\u00e9dits \u00e0 faible taux d\u2019int\u00e9r\u00eat et des financement par le biais des fonds de d\u00e9veloppement chinois. P\u00e9kin entend aussi\u00a0 encourager les entreprises chinoises \u00e0 investir dans les pays africains en plus des 50.000 bourses que le gouverment chinois va octroyer les \u00e9tudiants africains pour former des comp\u00e9tences africaines et l&rsquo;invitation de 2000 jeunes africains \u00e0 visiter la Chine dans le cadre\u00a0 des \u00e9changes culturels et civilisationnels entre la Chine et l&rsquo;Afrique.<br \/>Le pr\u00e9sident chinois avait \u00e9galement annonc\u00e9 au cours de cette conf\u00e9rence la r\u00e9alisation de 50 projets culturels ainsi Qu&rsquo;un r\u00e9seau de coop\u00e9ration\u00a0 m\u00e9diatique\u00a0 sino-africain et l\u2019organisation\u00a0 d\u2019un forum\u00a0 sino-africain\u00a0 pour la paix et la s\u00e9curit\u00e9\u00a0 dans le cadre du maintien de la paix et de la stabilit\u00e9 et la poursuite de l\u2019aide s\u00e9curitaire pour la lutte contre le terrorisme.<\/p>\n<p><strong>Lire aussi<\/strong><\/p>\n<p><a href=\"http:\/\/www.leaders.com.tn\/article\/25366-le-numero-de-septembre-de-leaders-un-dossier-sur-la-chine-et-le-verbatim-de-la-rencontre-bourguiba-chou-en-lai-en-1964\"><strong><span class=\"c2\">\u2018\u2019La Tunisie et Nous\u2019\u2019<\/span><\/strong><\/a><strong><span class=\"c2\">.<\/span><\/strong><\/p>\n<p><strong><span class=\"c2\"><a href=\"http:\/\/www.leaders.com.tn\/article\/25403-le-leader-chinois-de-l-auto-saic-developpe-avec-meninx-holding-une-usine-de-production-de-voitures-mg-en-tunisie\" target=\"_blank\" rel=\"noopener noreferrer\"><span class=\"c2\">Le leader chinois de l\u2019auto, SAIC d\u00e9veloppe avec Meninx Holding une usine de production de voitures MG en Tunisie<\/span><\/a><br \/><a href=\"http:\/\/www.leaders.com.tn\/article\/25402-depuis-ce-lundi-l-afrique-au-grand-complet-en-rendez-vous-avec-la-chine-a-pekin\" target=\"_blank\" rel=\"noopener noreferrer\"><span class=\"c2\">Depuis ce lundi, l\u2019Afrique au grand complet en rendez-vous avec la Chine \u00e0 P\u00e9kin<\/span><\/a><br \/><a href=\"http:\/\/www.leaders.com.tn\/article\/25401-la-chine-finance-les-etudes-d-un-pont-a-djerba-du-reseau-ferre-gabes-medenine-et-de-l-extension-de-la-zone-economique-de-zarzis\" target=\"_blank\" rel=\"noopener noreferrer\"><span class=\"c2\">La Chine finance les \u00e9tudes d\u2019un pont \u00e0 Djerba, du r\u00e9seau ferr\u00e9 Gab\u00e8s \u2013 M\u00e9denine et de l\u2019extension de la zone \u00e9conomique de Zarzis<\/span><\/a><br \/><a href=\"http:\/\/www.leaders.com.tn\/article\/25400-deja-18-000-touristes-chinois-ont-visite-la-tunisie-depuis-le-debut-de-l-annee-2018\" target=\"_blank\" rel=\"noopener noreferrer\"><span class=\"c2\">D\u00e9j\u00e0 18.000 touristes chinois ont visit\u00e9 la Tunisie depuis janvier 2018<\/span><\/a><\/span><\/strong><\/p>\n<p><a href=\"http:\/\/www.leaders.com.tn\/article\/25389-tout-sur-la-participation-de-la-tunisie-au-sommet-pekin-2018-chine-afrique\" target=\"_blank\" rel=\"noopener noreferrer\"><strong><span class=\"c2\">Tout sur la participation de la Tunisie au Sommet P\u00e9kin 2018 Chine &#8211; Afrique<\/span><\/strong><\/a><\/p>\n<p><a href=\"http:\/\/www.leaders.com.tn\/article\/25384-comment-pekin-se-prepare-pour-accueillir-ce-lundi-le-sommet-chine-afrique-photos\" target=\"_blank\" rel=\"noopener noreferrer\"><strong><span class=\"c2\">Comment P\u00e9kin se pr\u00e9pare pour accueillir ce lundi le Sommet Chine &#8211; Afrique (Photos)<\/span><\/strong><\/a><\/p>\n<p><strong><span class=\"c2\"><a href=\"http:\/\/www.leaders.com.tn\/article\/25396-samir-majoul-prendre-toute-notre-place-aux-cotes-d-un-geant-mondial-la-chine\" target=\"_blank\" rel=\"noopener noreferrer\"><span class=\"c2\">Samir Majoul: Prendre toute notre place aux c\u00f4t\u00e9s d&rsquo;un g\u00e9ant mondial, la Chine<\/span><\/a><span class=\"c2\"><br \/><\/span> <a href=\"http:\/\/www.leaders.com.tn\/article\/25395-wang-wenbin-ambassadeur-de-chine-a-tunis-le-sommet-de-beijing-permettra-a-la-tunisie-de-jouer-un-role-plus-actif-dans-la-cooperation-sino-africaine\" target=\"_blank\" rel=\"noopener noreferrer\"><span class=\"c2\">L&rsquo;ambassadeur de Chine \u00e0 Tunis , Wang Wenbin: la Tunisie peut aspirer un r\u00f4le plus actif dans la coop\u00e9ration sino-africaine<\/span><\/a><span class=\"c2\"><br \/><\/span> <a href=\"http:\/\/www.leaders.com.tn\/article\/25391-tunisie-chine-les-principaux-reperes\" target=\"_blank\" rel=\"noopener noreferrer\"><span class=\"c2\">Tunisie-Chine: les principaux rep\u00e8res<\/span><\/a><\/span><\/strong><\/p>\n<p>Auteur:<br \/>\n<a href=\"https:\/\/www.leaders.com.tn\/article\/27317-une-reunion-de-suivi-a-pekin-pour-evaluer-le-taux-de-realisation-des-mesures-annoncees-lors-du-sommet-sino-africain\">Cliquez ici pour lire l&rsquo;article depuis sa source.<\/a><\/p>\n","protected":false},"excerpt":{"rendered":"<p>Une r\u00e9union de suivi du Sommet de la coop\u00e9ration sino-africain que P\u00e9kin avait abrit\u00e9 les 3 et 4 septembre 2018 se tiendra les 24 et 25 juin dans la capitale chinoise. C\u2019est le ministre des Affaires \u00e9trang\u00e8res Khema\u00efs Jhinaoui qui repr\u00e9sentera la Tunisie \u00e0 cette r\u00e9union qui\u00a0 aura \u00e0 \u00e9valuer la concr\u00e9tisation des d\u00e9cisions de\u00a0 [&hellip;]<\/p>\n","protected":false},"author":1772,"featured_media":0,"comment_status":"closed","ping_status":"closed","sticky":false,"template":"","format":"standard","meta":{"fifu_image_url":"","fifu_image_alt":"","footnotes":""},"categories":[73,55],"tags":[],"class_list":["post-41552","post","type-post","status-publish","format-standard","hentry","category-actualite","category-tunisie"],"_links":{"self":[{"href":"https:\/\/linitiative.ca\/International\/wp-json\/wp\/v2\/posts\/41552","targetHints":{"allow":["GET"]}}],"collection":[{"href":"https:\/\/linitiative.ca\/International\/wp-json\/wp\/v2\/posts"}],"about":[{"href":"https:\/\/linitiative.ca\/International\/wp-json\/wp\/v2\/types\/post"}],"author":[{"embeddable":true,"href":"https:\/\/linitiative.ca\/International\/wp-json\/wp\/v2\/users\/1772"}],"replies":[{"embeddable":true,"href":"https:\/\/linitiative.ca\/International\/wp-json\/wp\/v2\/comments?post=41552"}],"version-history":[{"count":0,"href":"https:\/\/linitiative.ca\/International\/wp-json\/wp\/v2\/posts\/41552\/revisions"}],"wp:attachment":[{"href":"https:\/\/linitiative.ca\/International\/wp-json\/wp\/v2\/media?parent=41552"}],"wp:term":[{"taxonomy":"category","embeddable":true,"href":"https:\/\/linitiative.ca\/International\/wp-json\/wp\/v2\/categories?post=41552"},{"taxonomy":"post_tag","embeddable":true,"href":"https:\/\/linitiative.ca\/International\/wp-json\/wp\/v2\/tags?post=41552"}],"curies":[{"name":"wp","href":"https:\/\/api.w.org\/{rel}","templated":true}]}}