{"id":41553,"date":"2019-06-19T16:10:00","date_gmt":"2019-06-19T20:10:00","guid":{"rendered":"https:\/\/linitiative.ca\/International\/hamma-hammami-rompt-le-silence-et-devoile-les-raisons-profondes-des-divergences-au-sein-du-fp\/"},"modified":"2019-06-19T16:10:00","modified_gmt":"2019-06-19T20:10:00","slug":"hamma-hammami-rompt-le-silence-et-devoile-les-raisons-profondes-des-divergences-au-sein-du-fp","status":"publish","type":"post","link":"https:\/\/linitiative.ca\/International\/hamma-hammami-rompt-le-silence-et-devoile-les-raisons-profondes-des-divergences-au-sein-du-fp\/","title":{"rendered":"Hamma Hammami rompt le silence et d\u00e9voile \u00ables raisons profondes des divergences au sein du FP\u00bb"},"content":{"rendered":"<p>Hamma Hammami porte-parole du Front populaire a reconnu ce mercredi au cours d\u2019une conf\u00e9rence de presse\u00a0 que le diff\u00e9rend au sein de son parti est politique et profond et n\u2019est pas seulement li\u00e9 au choix du candidat du FP \u00e0 la pr\u00e9sidentielle. Il a ajout\u00e9 que le choix fait par certaines parties au sein du Front de garder le contact\u00a0 avec le syst\u00e8me du pouvoir clandestinement et sans concertation au conseil des\u00a0 secr\u00e9taires g\u00e9n\u00e9raux du front est \u00e0 l\u2019origine\u00a0 du diff\u00e9rend. \u00abMalgr\u00e9 tout, a ajout\u00e9 H.H,j&rsquo;avais gard\u00e9 le silence ces derniers temps malgr\u00e9 les campagnes de diffamation contre ma personne\u00bb.<\/p>\n<p>Le porte-parole du FP a rappel\u00e9 la prise de\u00a0 position claire prise par le front en s\u2019opposant \u00e0 la coalition au pouvoir avec ses deux composantes Ennahdha et Nidaa. \u00able diff\u00e9rend s&rsquo;est consid\u00e9rablement\u00a0 approfondi depuis le 2e tour des \u00e9lections pr\u00e9sidentielles de 2014 : nous avions d\u00e9cid\u00e9 de ne pas voter pour B\u00e9ji Ca\u00efd Essebsi et Moncef Marzouki . Mais quelle ne fut pas notre surprise en apprenant que certaines parties du FP appelaient \u00e0 voter pour BCE malgr\u00e9 notre refus. Le front a \u00e9galement refus\u00e9 de prendre part \u00e0 Carthage 2 et de participer \u00e0 la formation du gouvernement de Youssef Chahed. Par la suite, nous avons appris que Mongi Rahoui a rencont\u00e9 secr\u00e8tement BCE le 3 juillet 2018. Je ne suis pas contre une rencontre avec le pr\u00e9sident de la R\u00e9publique. Moi-m\u00eame je l\u2019ai recontr\u00e9 mais, je l&rsquo;ai fait publiquement et mandat\u00e9 par les instances du Front. Deux jours apr\u00e8s, nous avons appris que des parties deu FP appelait par voie de presse au d\u00e9part de Chahed.<\/p>\n<p>Le Front n\u2019a jamais fait myst\u00e8re de son opposition au gouvernement chahed. On a cherch\u00e9 \u00e0 le renverser en nous appuyant sur le peuple, d\u00e9mocratiquement, et non secr\u00e8tement comme ils l&rsquo;ont fait et \u00e0 l\u2019insu du pr\u00e9sident du groupe parlementaire du FP\u00bb.<br \/>\u00a0<\/p>\n<p>Auteur:<br \/>\n<a href=\"https:\/\/www.leaders.com.tn\/article\/27319-hamma\">Cliquez ici pour lire l&rsquo;article depuis sa source.<\/a><\/p>\n","protected":false},"excerpt":{"rendered":"<p>Hamma Hammami porte-parole du Front populaire a reconnu ce mercredi au cours d\u2019une conf\u00e9rence de presse\u00a0 que le diff\u00e9rend au sein de son parti est politique et profond et n\u2019est pas seulement li\u00e9 au choix du candidat du FP \u00e0 la pr\u00e9sidentielle. Il a ajout\u00e9 que le choix fait par certaines parties au sein du [&hellip;]<\/p>\n","protected":false},"author":1772,"featured_media":0,"comment_status":"closed","ping_status":"closed","sticky":false,"template":"","format":"standard","meta":{"fifu_image_url":"","fifu_image_alt":"","footnotes":""},"categories":[73,55],"tags":[],"class_list":["post-41553","post","type-post","status-publish","format-standard","hentry","category-actualite","category-tunisie"],"_links":{"self":[{"href":"https:\/\/linitiative.ca\/International\/wp-json\/wp\/v2\/posts\/41553","targetHints":{"allow":["GET"]}}],"collection":[{"href":"https:\/\/linitiative.ca\/International\/wp-json\/wp\/v2\/posts"}],"about":[{"href":"https:\/\/linitiative.ca\/International\/wp-json\/wp\/v2\/types\/post"}],"author":[{"embeddable":true,"href":"https:\/\/linitiative.ca\/International\/wp-json\/wp\/v2\/users\/1772"}],"replies":[{"embeddable":true,"href":"https:\/\/linitiative.ca\/International\/wp-json\/wp\/v2\/comments?post=41553"}],"version-history":[{"count":0,"href":"https:\/\/linitiative.ca\/International\/wp-json\/wp\/v2\/posts\/41553\/revisions"}],"wp:attachment":[{"href":"https:\/\/linitiative.ca\/International\/wp-json\/wp\/v2\/media?parent=41553"}],"wp:term":[{"taxonomy":"category","embeddable":true,"href":"https:\/\/linitiative.ca\/International\/wp-json\/wp\/v2\/categories?post=41553"},{"taxonomy":"post_tag","embeddable":true,"href":"https:\/\/linitiative.ca\/International\/wp-json\/wp\/v2\/tags?post=41553"}],"curies":[{"name":"wp","href":"https:\/\/api.w.org\/{rel}","templated":true}]}}